{"id":450,"date":"2012-07-27T20:36:32","date_gmt":"2012-07-27T20:36:32","guid":{"rendered":"https:\/\/www.ruralgia.com\/blog\/?p=450"},"modified":"2012-07-27T20:36:32","modified_gmt":"2012-07-27T20:36:32","slug":"mercado-medieval-de-obidos-portugal","status":"publish","type":"post","link":"https:\/\/www.ruralgia.com\/blog\/mercado-medieval-de-obidos-portugal\/","title":{"rendered":"Mercado Medieval de \u00d3bidos (Portugal)"},"content":{"rendered":"<p><span style=\"color: #339966;\"><strong>Del 19 de Julio al 12 de Agosto de 2012<\/strong><\/span><\/p>\n<p><span style=\"color: #339966;\"><strong><a href=\"https:\/\/www.ruralgia.com\/blog\/wp-content\/uploads\/2012\/07\/obidos-3.jpg\" rel=\"lightbox[450]\"><img loading=\"lazy\" decoding=\"async\" class=\"size-full wp-image-458 alignright\" style=\"border: 2px solid black; margin-top: 10px; margin-bottom: 10px;\" title=\"Mercado Medieval de \u00d3bido\" src=\"https:\/\/www.ruralgia.com\/blog\/wp-content\/uploads\/2012\/07\/obidos-3.jpg\" alt=\"\" width=\"350\" height=\"496\" srcset=\"https:\/\/www.ruralgia.com\/blog\/wp-content\/uploads\/2012\/07\/obidos-3.jpg 626w, https:\/\/www.ruralgia.com\/blog\/wp-content\/uploads\/2012\/07\/obidos-3-211x300.jpg 211w\" sizes=\"auto, (max-width: 350px) 100vw, 350px\" \/><\/a><\/p>\n<p><\/strong><\/span><\/p>\n<p><strong><a href=\"https:\/\/www.ruralgia.com\/blog\/wp-content\/uploads\/2012\/07\/obidos-11.jpg\" rel=\"lightbox[450]\"><img loading=\"lazy\" decoding=\"async\" class=\"size-full wp-image-455 alignright\" style=\"margin: 15px; border: 2px solid black;\" title=\"Torneo\" src=\"https:\/\/www.ruralgia.com\/blog\/wp-content\/uploads\/2012\/07\/obidos-11.jpg\" alt=\"Fiesta Medieval en \u00d3bidos\" width=\"440\" height=\"205\" srcset=\"https:\/\/www.ruralgia.com\/blog\/wp-content\/uploads\/2012\/07\/obidos-11.jpg 550w, https:\/\/www.ruralgia.com\/blog\/wp-content\/uploads\/2012\/07\/obidos-11-300x139.jpg 300w\" sizes=\"auto, (max-width: 440px) 100vw, 440px\" \/><\/a><\/strong><\/p>\n<p><strong>Obidos<\/strong>, es una peque\u00f1a villa medieval que se encuentra en el <strong>distrito de Leir\u00eda en Portugal<\/strong> de aproximadamente 3000 habitantes, rodeada de murallas, con una historia riqu\u00edsima. A trav\u00e9s de los siglos, esta ciudadela, rebosante de vida y colores, parece querer mostrarle al visitante todo su pasado, su nombre proviene del lat\u00edn \u201coppidum\u201d que significa ciudad fortificada, se entra por la \u201cPorta da Vila\u201d, esta hermosa puerta est\u00e1 decorada con lujosos azulejos de color azul y blanco del siglo XVIII y luego siguiendo por la \u201cRua Direita\u201d se llega caminando entre calles estrechas y empedradas, con sus casas engalanadas con flores de todos colores y sus z\u00f3calos pintados de azul a la Plaza de Santa Mar\u00eda, donde se encuentra la Iglesia del mismo nombre y tiene la particularidad de que all\u00ed en 1441 se casaron el Rey Alfonso V con su prima Isabel. El monarca ten\u00eda entonces 10 a\u00f1os y su novia 12 (rarezas de la historia).<\/p>\n<p>Los muros de piedra que rodean toda la ciudad fueron testigos de brutales luchas entre \u00e1rabes, romanos, visigodos etc. y hoy esas murallas brindan al turista desde su cima, una vista que emociona al visitante, desde donde se aprecian los vi\u00f1edos, los molinos de viento y la distribuci\u00f3n interior de las estrechas callejuelas de colores.<\/p>\n<p>Cerca del a\u00f1o 1200, el Rey Dionis mand\u00f3 a construir un castillo y estableci\u00f3 el privilegio de conceder la villa a las Reinas de Portugal y as\u00ed pas\u00f3 por distintas manos hasta el a\u00f1o 1833 y era conocida como \u201cla villa de las reinas\u201d. En la actualidad se construy\u00f3 en \u00e9l una posada para pasajeros, fue la primera construida en un edificio hist\u00f3rico y est\u00e1 considerada como monumento de inter\u00e9s nacional.<\/p>\n<p>Las callecitas medievales conservan una belleza incre\u00edble, sus balcones floridos cuidados con esmero, sus peque\u00f1os restaurantes y la virtud de su gente que con su hospitalidad, brinda al turista una estad\u00eda impecable.<\/p>\n<p><span style=\"color: #339966;\"><strong>M\u00e1s informaci\u00f3n <a href=\"http:\/\/www.tripadvisor.es\/Attraction_Review-g189160-d2390015-Reviews-Grande_Mercado_Medieval_de_Obidos-Obidos_Estremadura.html\">aqu\u00ed<\/a><\/strong><\/span><\/p>\n<p><span style=\"color: #339966;\"><strong><\/p>\n<p><\/strong><\/span><\/p>\n<p><script src='https:\/\/www.ruralgia.com\/caja_cerca.php?metodo=municipio&#038;ancho=450&#038;elementos=4&#038;size=90&#038;estilo=sunny&#038;float=none&#038;kms=20&#038;aleatorio=false&#038;municipio=Obidos, Leiria (Portugal)' type='text\/javascript'><\/script><\/p>\n","protected":false},"excerpt":{"rendered":"<p>Del 19 de Julio al 12 de Agosto de 2012 Obidos, es una peque\u00f1a villa medieval que se encuentra en el distrito de Leir\u00eda en Portugal de aproximadamente 3000 habitantes, rodeada de murallas, con una historia riqu\u00edsima. A trav\u00e9s de &hellip; <a href=\"https:\/\/www.ruralgia.com\/blog\/mercado-medieval-de-obidos-portugal\/\">Sigue leyendo <span class=\"meta-nav\">&rarr;<\/span><\/a><\/p>\n","protected":false},"author":1,"featured_media":458,"comment_status":"open","ping_status":"open","sticky":false,"template":"","format":"standard","meta":{"footnotes":""},"categories":[10,12,9],"tags":[158,43,160],"class_list":["post-450","post","type-post","status-publish","format-standard","has-post-thumbnail","hentry","category-propietarios","category-propuestas","category-viajeros","tag-cultura","tag-historia","tag-ocio"],"yoast_head":"<!-- This site is optimized with the Yoast SEO plugin v24.1 - https:\/\/yoast.com\/wordpress\/plugins\/seo\/ -->\n<title>Mercado Medieval de \u00d3bidos (Portugal) - Ruralgia Blog<\/title>\n<meta name=\"robots\" content=\"index, follow, max-snippet:-1, max-image-preview:large, max-video-preview:-1\" \/>\n<link rel=\"canonical\" href=\"https:\/\/www.ruralgia.com\/blog\/mercado-medieval-de-obidos-portugal\/\" \/>\n<meta property=\"og:locale\" content=\"es_ES\" \/>\n<meta property=\"og:type\" content=\"article\" \/>\n<meta property=\"og:title\" content=\"Mercado Medieval de \u00d3bidos (Portugal) - Ruralgia Blog\" \/>\n<meta property=\"og:description\" content=\"Del 19 de Julio al 12 de Agosto de 2012 Obidos, es una peque\u00f1a villa medieval que se encuentra en el distrito de Leir\u00eda en Portugal de aproximadamente 3000 habitantes, rodeada de murallas, con una historia riqu\u00edsima. A trav\u00e9s de &hellip; Sigue leyendo &rarr;\" \/>\n<meta property=\"og:url\" content=\"https:\/\/www.ruralgia.com\/blog\/mercado-medieval-de-obidos-portugal\/\" \/>\n<meta property=\"og:site_name\" content=\"Ruralgia Blog\" \/>\n<meta property=\"article:published_time\" content=\"2012-07-27T20:36:32+00:00\" \/>\n<meta property=\"og:image\" content=\"https:\/\/www.ruralgia.com\/blog\/wp-content\/uploads\/2012\/07\/obidos-3.jpg\" \/>\n\t<meta property=\"og:image:width\" content=\"626\" \/>\n\t<meta property=\"og:image:height\" content=\"886\" \/>\n\t<meta property=\"og:image:type\" content=\"image\/jpeg\" \/>\n<meta name=\"author\" content=\"admin\" \/>\n<meta name=\"twitter:card\" content=\"summary_large_image\" \/>\n<meta name=\"twitter:label1\" content=\"Escrito por\" \/>\n\t<meta name=\"twitter:data1\" content=\"admin\" \/>\n\t<meta name=\"twitter:label2\" content=\"Tiempo de lectura\" \/>\n\t<meta name=\"twitter:data2\" content=\"2 minutos\" \/>\n<script type=\"application\/ld+json\" class=\"yoast-schema-graph\">{\"@context\":\"https:\/\/schema.org\",\"@graph\":[{\"@type\":\"WebPage\",\"@id\":\"https:\/\/www.ruralgia.com\/blog\/mercado-medieval-de-obidos-portugal\/\",\"url\":\"https:\/\/www.ruralgia.com\/blog\/mercado-medieval-de-obidos-portugal\/\",\"name\":\"Mercado Medieval de \u00d3bidos (Portugal) - Ruralgia Blog\",\"isPartOf\":{\"@id\":\"https:\/\/www.ruralgia.com\/blog\/#website\"},\"primaryImageOfPage\":{\"@id\":\"https:\/\/www.ruralgia.com\/blog\/mercado-medieval-de-obidos-portugal\/#primaryimage\"},\"image\":{\"@id\":\"https:\/\/www.ruralgia.com\/blog\/mercado-medieval-de-obidos-portugal\/#primaryimage\"},\"thumbnailUrl\":\"https:\/\/www.ruralgia.com\/blog\/wp-content\/uploads\/2012\/07\/obidos-3.jpg\",\"datePublished\":\"2012-07-27T20:36:32+00:00\",\"dateModified\":\"2012-07-27T20:36:32+00:00\",\"author\":{\"@id\":\"https:\/\/www.ruralgia.com\/blog\/#\/schema\/person\/f9d61dcaa454dc132c65467750b88c01\"},\"breadcrumb\":{\"@id\":\"https:\/\/www.ruralgia.com\/blog\/mercado-medieval-de-obidos-portugal\/#breadcrumb\"},\"inLanguage\":\"es\",\"potentialAction\":[{\"@type\":\"ReadAction\",\"target\":[\"https:\/\/www.ruralgia.com\/blog\/mercado-medieval-de-obidos-portugal\/\"]}]},{\"@type\":\"ImageObject\",\"inLanguage\":\"es\",\"@id\":\"https:\/\/www.ruralgia.com\/blog\/mercado-medieval-de-obidos-portugal\/#primaryimage\",\"url\":\"https:\/\/www.ruralgia.com\/blog\/wp-content\/uploads\/2012\/07\/obidos-3.jpg\",\"contentUrl\":\"https:\/\/www.ruralgia.com\/blog\/wp-content\/uploads\/2012\/07\/obidos-3.jpg\",\"width\":\"626\",\"height\":\"886\"},{\"@type\":\"BreadcrumbList\",\"@id\":\"https:\/\/www.ruralgia.com\/blog\/mercado-medieval-de-obidos-portugal\/#breadcrumb\",\"itemListElement\":[{\"@type\":\"ListItem\",\"position\":1,\"name\":\"Portada\",\"item\":\"https:\/\/www.ruralgia.com\/blog\/\"},{\"@type\":\"ListItem\",\"position\":2,\"name\":\"Mercado Medieval de \u00d3bidos (Portugal)\"}]},{\"@type\":\"WebSite\",\"@id\":\"https:\/\/www.ruralgia.com\/blog\/#website\",\"url\":\"https:\/\/www.ruralgia.com\/blog\/\",\"name\":\"Ruralgia Blog\",\"description\":\"El blog de viajes y turismo de Ruralgia\",\"potentialAction\":[{\"@type\":\"SearchAction\",\"target\":{\"@type\":\"EntryPoint\",\"urlTemplate\":\"https:\/\/www.ruralgia.com\/blog\/?s={search_term_string}\"},\"query-input\":{\"@type\":\"PropertyValueSpecification\",\"valueRequired\":true,\"valueName\":\"search_term_string\"}}],\"inLanguage\":\"es\"},{\"@type\":\"Person\",\"@id\":\"https:\/\/www.ruralgia.com\/blog\/#\/schema\/person\/f9d61dcaa454dc132c65467750b88c01\",\"name\":\"admin\",\"image\":{\"@type\":\"ImageObject\",\"inLanguage\":\"es\",\"@id\":\"https:\/\/www.ruralgia.com\/blog\/#\/schema\/person\/image\/\",\"url\":\"https:\/\/secure.gravatar.com\/avatar\/308988d44afa417cbdf20b1a60ad4489?s=96&d=mm&r=g\",\"contentUrl\":\"https:\/\/secure.gravatar.com\/avatar\/308988d44afa417cbdf20b1a60ad4489?s=96&d=mm&r=g\",\"caption\":\"admin\"},\"url\":\"https:\/\/www.ruralgia.com\/blog\/author\/admin\/\"}]}<\/script>\n<!-- \/ Yoast SEO plugin. -->","yoast_head_json":{"title":"Mercado Medieval de \u00d3bidos (Portugal) - Ruralgia Blog","robots":{"index":"index","follow":"follow","max-snippet":"max-snippet:-1","max-image-preview":"max-image-preview:large","max-video-preview":"max-video-preview:-1"},"canonical":"https:\/\/www.ruralgia.com\/blog\/mercado-medieval-de-obidos-portugal\/","og_locale":"es_ES","og_type":"article","og_title":"Mercado Medieval de \u00d3bidos (Portugal) - Ruralgia Blog","og_description":"Del 19 de Julio al 12 de Agosto de 2012 Obidos, es una peque\u00f1a villa medieval que se encuentra en el distrito de Leir\u00eda en Portugal de aproximadamente 3000 habitantes, rodeada de murallas, con una historia riqu\u00edsima. A trav\u00e9s de &hellip; Sigue leyendo &rarr;","og_url":"https:\/\/www.ruralgia.com\/blog\/mercado-medieval-de-obidos-portugal\/","og_site_name":"Ruralgia Blog","article_published_time":"2012-07-27T20:36:32+00:00","og_image":[{"width":626,"height":886,"url":"https:\/\/www.ruralgia.com\/blog\/wp-content\/uploads\/2012\/07\/obidos-3.jpg","type":"image\/jpeg"}],"author":"admin","twitter_card":"summary_large_image","twitter_misc":{"Escrito por":"admin","Tiempo de lectura":"2 minutos"},"schema":{"@context":"https:\/\/schema.org","@graph":[{"@type":"WebPage","@id":"https:\/\/www.ruralgia.com\/blog\/mercado-medieval-de-obidos-portugal\/","url":"https:\/\/www.ruralgia.com\/blog\/mercado-medieval-de-obidos-portugal\/","name":"Mercado Medieval de \u00d3bidos (Portugal) - Ruralgia Blog","isPartOf":{"@id":"https:\/\/www.ruralgia.com\/blog\/#website"},"primaryImageOfPage":{"@id":"https:\/\/www.ruralgia.com\/blog\/mercado-medieval-de-obidos-portugal\/#primaryimage"},"image":{"@id":"https:\/\/www.ruralgia.com\/blog\/mercado-medieval-de-obidos-portugal\/#primaryimage"},"thumbnailUrl":"https:\/\/www.ruralgia.com\/blog\/wp-content\/uploads\/2012\/07\/obidos-3.jpg","datePublished":"2012-07-27T20:36:32+00:00","dateModified":"2012-07-27T20:36:32+00:00","author":{"@id":"https:\/\/www.ruralgia.com\/blog\/#\/schema\/person\/f9d61dcaa454dc132c65467750b88c01"},"breadcrumb":{"@id":"https:\/\/www.ruralgia.com\/blog\/mercado-medieval-de-obidos-portugal\/#breadcrumb"},"inLanguage":"es","potentialAction":[{"@type":"ReadAction","target":["https:\/\/www.ruralgia.com\/blog\/mercado-medieval-de-obidos-portugal\/"]}]},{"@type":"ImageObject","inLanguage":"es","@id":"https:\/\/www.ruralgia.com\/blog\/mercado-medieval-de-obidos-portugal\/#primaryimage","url":"https:\/\/www.ruralgia.com\/blog\/wp-content\/uploads\/2012\/07\/obidos-3.jpg","contentUrl":"https:\/\/www.ruralgia.com\/blog\/wp-content\/uploads\/2012\/07\/obidos-3.jpg","width":"626","height":"886"},{"@type":"BreadcrumbList","@id":"https:\/\/www.ruralgia.com\/blog\/mercado-medieval-de-obidos-portugal\/#breadcrumb","itemListElement":[{"@type":"ListItem","position":1,"name":"Portada","item":"https:\/\/www.ruralgia.com\/blog\/"},{"@type":"ListItem","position":2,"name":"Mercado Medieval de \u00d3bidos (Portugal)"}]},{"@type":"WebSite","@id":"https:\/\/www.ruralgia.com\/blog\/#website","url":"https:\/\/www.ruralgia.com\/blog\/","name":"Ruralgia Blog","description":"El blog de viajes y turismo de Ruralgia","potentialAction":[{"@type":"SearchAction","target":{"@type":"EntryPoint","urlTemplate":"https:\/\/www.ruralgia.com\/blog\/?s={search_term_string}"},"query-input":{"@type":"PropertyValueSpecification","valueRequired":true,"valueName":"search_term_string"}}],"inLanguage":"es"},{"@type":"Person","@id":"https:\/\/www.ruralgia.com\/blog\/#\/schema\/person\/f9d61dcaa454dc132c65467750b88c01","name":"admin","image":{"@type":"ImageObject","inLanguage":"es","@id":"https:\/\/www.ruralgia.com\/blog\/#\/schema\/person\/image\/","url":"https:\/\/secure.gravatar.com\/avatar\/308988d44afa417cbdf20b1a60ad4489?s=96&d=mm&r=g","contentUrl":"https:\/\/secure.gravatar.com\/avatar\/308988d44afa417cbdf20b1a60ad4489?s=96&d=mm&r=g","caption":"admin"},"url":"https:\/\/www.ruralgia.com\/blog\/author\/admin\/"}]}},"amp_enabled":true,"_links":{"self":[{"href":"https:\/\/www.ruralgia.com\/blog\/wp-json\/wp\/v2\/posts\/450","targetHints":{"allow":["GET"]}}],"collection":[{"href":"https:\/\/www.ruralgia.com\/blog\/wp-json\/wp\/v2\/posts"}],"about":[{"href":"https:\/\/www.ruralgia.com\/blog\/wp-json\/wp\/v2\/types\/post"}],"author":[{"embeddable":true,"href":"https:\/\/www.ruralgia.com\/blog\/wp-json\/wp\/v2\/users\/1"}],"replies":[{"embeddable":true,"href":"https:\/\/www.ruralgia.com\/blog\/wp-json\/wp\/v2\/comments?post=450"}],"version-history":[{"count":30,"href":"https:\/\/www.ruralgia.com\/blog\/wp-json\/wp\/v2\/posts\/450\/revisions"}],"predecessor-version":[{"id":484,"href":"https:\/\/www.ruralgia.com\/blog\/wp-json\/wp\/v2\/posts\/450\/revisions\/484"}],"wp:featuredmedia":[{"embeddable":true,"href":"https:\/\/www.ruralgia.com\/blog\/wp-json\/wp\/v2\/media\/458"}],"wp:attachment":[{"href":"https:\/\/www.ruralgia.com\/blog\/wp-json\/wp\/v2\/media?parent=450"}],"wp:term":[{"taxonomy":"category","embeddable":true,"href":"https:\/\/www.ruralgia.com\/blog\/wp-json\/wp\/v2\/categories?post=450"},{"taxonomy":"post_tag","embeddable":true,"href":"https:\/\/www.ruralgia.com\/blog\/wp-json\/wp\/v2\/tags?post=450"}],"curies":[{"name":"wp","href":"https:\/\/api.w.org\/{rel}","templated":true}]}}