{"id":804,"date":"2013-06-03T20:20:16","date_gmt":"2013-06-03T20:20:16","guid":{"rendered":"https:\/\/www.ruralgia.com\/blog\/?p=804"},"modified":"2013-06-03T20:20:16","modified_gmt":"2013-06-03T20:20:16","slug":"jornadas-medievales-de-briones-2013","status":"publish","type":"post","link":"https:\/\/www.ruralgia.com\/blog\/jornadas-medievales-de-briones-2013\/","title":{"rendered":"Jornadas Medievales de Briones 2013"},"content":{"rendered":"<p>Las Jornadas Medievales de Briones se estrenan como fiesta de inter\u00e9s tur\u00edstico nacional<\/p>\n<h5><strong style=\"font-size: 0.83em;\">LA CITA CULTURAL, QUE TENDR\u00c1 LUGAR EL 15 Y 16 DE JUNIO, CONTAR\u00c1 CON PORTALES TEM\u00c1TICOS EN LA ZONA ALTA DEL PUEBLO<\/strong><\/h5>\n<p>Un momento de la fiesta del a\u00f1o pasado.\/SONIA TERCERO<\/p>\n<p><a title=\"Jornadas Medievales de Briones 2012\" href=\"https:\/\/www.ruralgia.com\/blog\/wp-content\/uploads\/2013\/06\/medieval-647x231.jpg\" rel=\"lightbox[804]\"><img loading=\"lazy\" decoding=\"async\" class=\"alignleft size-medium wp-image-805\" style=\"margin: 5px;\" alt=\"medieval--647x231\" src=\"https:\/\/www.ruralgia.com\/blog\/wp-content\/uploads\/2013\/06\/medieval-647x231-300x107.jpg\" width=\"300\" height=\"107\" srcset=\"https:\/\/www.ruralgia.com\/blog\/wp-content\/uploads\/2013\/06\/medieval-647x231-300x107.jpg 300w, https:\/\/www.ruralgia.com\/blog\/wp-content\/uploads\/2013\/06\/medieval-647x231.jpg 647w\" sizes=\"auto, (max-width: 300px) 100vw, 300px\" \/><\/a><\/p>\n<div><\/div>\n<div id=\"story-texto\"><em><strong>Las XVII Jornadas Medievales de Briones, que se celebrar\u00e1n los pr\u00f3ximos 15 y 16 de junio<\/strong><\/em>, \u00abse estrenan\u00bb este a\u00f1o como fiestas de inter\u00e9s tur\u00edstico nacional, declaraci\u00f3n que obtuvieron en 2012, ha afirmado hoy el consejero de Educaci\u00f3n, Cultura y Turismo, Gonzalo Capell\u00e1n.<\/div>\n<div><\/div>\n<div><\/div>\n<div>El consejero ha resaltado que este a\u00f1o, de forma simb\u00f3lica, es el primero de \u00ab<strong>Briones medieval<\/strong>\u00bb tras esa declaraci\u00f3n de fiesta de inter\u00e9s tur\u00edstico nacional, lo que supone \u00abestrenar un nuevo traje muy lujoso\u00bb, gracias a la calidad de las Jornadas, a la participaci\u00f3n de los vecinos y a la apuesta del Gobierno regional por el municipio.<\/div>\n<div>Adem\u00e1s del reconocimiento al trabajo realizado por la Asociaci\u00f3n Briones Medieval, ha destacado el rigor y la calidad que caracterizan la recreaci\u00f3n del Medievo en esta localidad riojana.<\/div>\n<div>Se ha referido a la importancia de que estas Jornadas cuenten con una alta participaci\u00f3n de los vecinos, que han logrado \u00abconsolidar esta cita en el calendario nacional como uno de los atractivos tur\u00edsticos de La Rioja que m\u00e1s visitantes atrae cada a\u00f1o\u00bb.<\/div>\n<div>La ambientaci\u00f3n, unida a la propia configuraci\u00f3n urban\u00edstica de la villa, hace posible una fiel recreaci\u00f3n del Briones en el Medievo, ha subrayado.<\/div>\n<div id=\"U3052086703918azH\">\u00abNo es una meta es un camino\u00bb<\/div>\n<div>Ceballos, quien ha agradecido el apoyo recibido por parte del Gobierno de La Rioja, ha aludido a lo que supone la declaraci\u00f3n de fiesta de inter\u00e9s nacional, que \u00abno es una meta, sino un camino\u00bb y se planteado la posibilidad de aspirar a la declaraci\u00f3n de fiesta de inter\u00e9s internacional en un futuro.<\/div>\n<div>Las Jornadas Medievales, declaradas de inter\u00e9s tur\u00edstico regional en 2006, rememoran el siglo XIV y el acontecimiento hist\u00f3rico de la \u00abPaz de Briones\u00bb del 31 de marzo de 1379, entre Castilla y Navarra.<\/div>\n<div>La previsi\u00f3n es que en esta decimos\u00e9ptima edici\u00f3n se monten portales tem\u00e1ticos en la zona alta del pueblo, escenario de los oficios y labores tradicionales del Medievo.<\/div>\n<div>Unos 700 vecinos de Briones participan en las Jornadas, lo que permiten que, durante dos d\u00edas, se convertir\u00e1n en caballeros, inquisidores, nobles o campesinos, una amplia representaci\u00f3n de los estratos de la sociedad de una poblaci\u00f3n castellana del siglo XIV.<\/div>\n<div>Entre las actividades organizadas, destaca la obra de luz y sonido que narra, al caer la noche en los grandes balcones del palacio de San Nicol\u00e1s, los acontecimientos hist\u00f3ricos ocurridos en el siglo XIV.<\/div>\n<div>Adem\u00e1s de la propia recreaci\u00f3n medieval, est\u00e1 prevista la programaci\u00f3n continua de otras actividades y espect\u00e1culos complementarios.<\/div>\n<div>Briones, durante las Jornadas, acoge a m\u00e1s de 50.000 visitantes, que participan en las actividades del programa y pueden visitar El casco urbano medieval, declarado conjunto hist\u00f3rico-art\u00edstico por sus calles empedradas, palacios y casas majestuosas.<\/div>\n<p><strong>fuente<\/strong>:\u00a0<a href=\"http:\/\/briones-digital.blogspot.com.es\/2013\/05\/las-jornadas-medievales-de-briones-se.html\" target=\"_blank\">Jornadas Medievales de Briones<\/a><\/p>\n<p><a href=\"https:\/\/www.ruralgia.com\/blog\/wp-content\/uploads\/2013\/06\/medievales-folleto.jpg\" rel=\"lightbox[804]\"><img loading=\"lazy\" decoding=\"async\" class=\"alignleft size-medium wp-image-808\" style=\"margin: 10px; border: 0px;\" alt=\"medievales folleto\" src=\"https:\/\/www.ruralgia.com\/blog\/wp-content\/uploads\/2013\/06\/medievales-folleto-300x286.jpg\" width=\"300\" height=\"286\" srcset=\"https:\/\/www.ruralgia.com\/blog\/wp-content\/uploads\/2013\/06\/medievales-folleto-300x286.jpg 300w, https:\/\/www.ruralgia.com\/blog\/wp-content\/uploads\/2013\/06\/medievales-folleto-1024x977.jpg 1024w, https:\/\/www.ruralgia.com\/blog\/wp-content\/uploads\/2013\/06\/medievales-folleto.jpg 1600w\" sizes=\"auto, (max-width: 300px) 100vw, 300px\" \/><\/a><\/p>\n<p>&nbsp;<\/p>\n<p><a title=\"Programa de las XVII Jornadas Medievales de Briones\" href=\"http:\/\/www.brionesmedieval.com\/programa_2013.pdf\" target=\"_blank\">Programa de las XVII Jornadas Medievales<\/a><\/p>\n<p>&nbsp;<\/p>\n<p><script src='https:\/\/www.ruralgia.com\/caja_cerca.php?metodo=municipio&#038;ancho=250&#038;elementos=4&#038;size=90&#038;estilo=sunny&#038;float=none&#038;kms=20&#038;aleatorio=false&#038;municipio=Briones (La Rioja)' type='text\/javascript'><\/script><\/p>\n<p>&nbsp;<\/p>\n","protected":false},"excerpt":{"rendered":"<p>Las Jornadas Medievales de Briones se estrenan como fiesta de inter\u00e9s tur\u00edstico nacional LA CITA CULTURAL, QUE TENDR\u00c1 LUGAR EL 15 Y 16 DE JUNIO, CONTAR\u00c1 CON PORTALES TEM\u00c1TICOS EN LA ZONA ALTA DEL PUEBLO Un momento de la fiesta &hellip; <a href=\"https:\/\/www.ruralgia.com\/blog\/jornadas-medievales-de-briones-2013\/\">Sigue leyendo <span class=\"meta-nav\">&rarr;<\/span><\/a><\/p>\n","protected":false},"author":1,"featured_media":805,"comment_status":"open","ping_status":"open","sticky":false,"template":"","format":"standard","meta":{"footnotes":""},"categories":[90,12,9],"tags":[158,44,23],"class_list":["post-804","post","type-post","status-publish","format-standard","has-post-thumbnail","hentry","category-fiestas-2","category-propuestas","category-viajeros","tag-cultura","tag-evento-historico","tag-feria-medieval"],"yoast_head":"<!-- This site is optimized with the Yoast SEO plugin v24.1 - https:\/\/yoast.com\/wordpress\/plugins\/seo\/ -->\n<title>Jornadas Medievales de Briones 2013 - Ruralgia Blog<\/title>\n<meta name=\"robots\" content=\"index, follow, max-snippet:-1, max-image-preview:large, max-video-preview:-1\" \/>\n<link rel=\"canonical\" href=\"https:\/\/www.ruralgia.com\/blog\/jornadas-medievales-de-briones-2013\/\" \/>\n<meta property=\"og:locale\" content=\"es_ES\" \/>\n<meta property=\"og:type\" content=\"article\" \/>\n<meta property=\"og:title\" content=\"Jornadas Medievales de Briones 2013 - Ruralgia Blog\" \/>\n<meta property=\"og:description\" content=\"Las Jornadas Medievales de Briones se estrenan como fiesta de inter\u00e9s tur\u00edstico nacional LA CITA CULTURAL, QUE TENDR\u00c1 LUGAR EL 15 Y 16 DE JUNIO, CONTAR\u00c1 CON PORTALES TEM\u00c1TICOS EN LA ZONA ALTA DEL PUEBLO Un momento de la fiesta &hellip; Sigue leyendo &rarr;\" \/>\n<meta property=\"og:url\" content=\"https:\/\/www.ruralgia.com\/blog\/jornadas-medievales-de-briones-2013\/\" \/>\n<meta property=\"og:site_name\" content=\"Ruralgia Blog\" \/>\n<meta property=\"article:published_time\" content=\"2013-06-03T20:20:16+00:00\" \/>\n<meta property=\"og:image\" content=\"https:\/\/www.ruralgia.com\/blog\/wp-content\/uploads\/2013\/06\/medieval-647x231.jpg\" \/>\n\t<meta property=\"og:image:width\" content=\"647\" \/>\n\t<meta property=\"og:image:height\" content=\"231\" \/>\n\t<meta property=\"og:image:type\" content=\"image\/jpeg\" \/>\n<meta name=\"author\" content=\"admin\" \/>\n<meta name=\"twitter:card\" content=\"summary_large_image\" \/>\n<meta name=\"twitter:label1\" content=\"Escrito por\" \/>\n\t<meta name=\"twitter:data1\" content=\"admin\" \/>\n\t<meta name=\"twitter:label2\" content=\"Tiempo de lectura\" \/>\n\t<meta name=\"twitter:data2\" content=\"3 minutos\" \/>\n<script type=\"application\/ld+json\" class=\"yoast-schema-graph\">{\"@context\":\"https:\/\/schema.org\",\"@graph\":[{\"@type\":\"WebPage\",\"@id\":\"https:\/\/www.ruralgia.com\/blog\/jornadas-medievales-de-briones-2013\/\",\"url\":\"https:\/\/www.ruralgia.com\/blog\/jornadas-medievales-de-briones-2013\/\",\"name\":\"Jornadas Medievales de Briones 2013 - Ruralgia Blog\",\"isPartOf\":{\"@id\":\"https:\/\/www.ruralgia.com\/blog\/#website\"},\"primaryImageOfPage\":{\"@id\":\"https:\/\/www.ruralgia.com\/blog\/jornadas-medievales-de-briones-2013\/#primaryimage\"},\"image\":{\"@id\":\"https:\/\/www.ruralgia.com\/blog\/jornadas-medievales-de-briones-2013\/#primaryimage\"},\"thumbnailUrl\":\"https:\/\/www.ruralgia.com\/blog\/wp-content\/uploads\/2013\/06\/medieval-647x231.jpg\",\"datePublished\":\"2013-06-03T20:20:16+00:00\",\"dateModified\":\"2013-06-03T20:20:16+00:00\",\"author\":{\"@id\":\"https:\/\/www.ruralgia.com\/blog\/#\/schema\/person\/f9d61dcaa454dc132c65467750b88c01\"},\"breadcrumb\":{\"@id\":\"https:\/\/www.ruralgia.com\/blog\/jornadas-medievales-de-briones-2013\/#breadcrumb\"},\"inLanguage\":\"es\",\"potentialAction\":[{\"@type\":\"ReadAction\",\"target\":[\"https:\/\/www.ruralgia.com\/blog\/jornadas-medievales-de-briones-2013\/\"]}]},{\"@type\":\"ImageObject\",\"inLanguage\":\"es\",\"@id\":\"https:\/\/www.ruralgia.com\/blog\/jornadas-medievales-de-briones-2013\/#primaryimage\",\"url\":\"https:\/\/www.ruralgia.com\/blog\/wp-content\/uploads\/2013\/06\/medieval-647x231.jpg\",\"contentUrl\":\"https:\/\/www.ruralgia.com\/blog\/wp-content\/uploads\/2013\/06\/medieval-647x231.jpg\",\"width\":647,\"height\":231},{\"@type\":\"BreadcrumbList\",\"@id\":\"https:\/\/www.ruralgia.com\/blog\/jornadas-medievales-de-briones-2013\/#breadcrumb\",\"itemListElement\":[{\"@type\":\"ListItem\",\"position\":1,\"name\":\"Portada\",\"item\":\"https:\/\/www.ruralgia.com\/blog\/\"},{\"@type\":\"ListItem\",\"position\":2,\"name\":\"Jornadas Medievales de Briones 2013\"}]},{\"@type\":\"WebSite\",\"@id\":\"https:\/\/www.ruralgia.com\/blog\/#website\",\"url\":\"https:\/\/www.ruralgia.com\/blog\/\",\"name\":\"Ruralgia Blog\",\"description\":\"El blog de viajes y turismo de Ruralgia\",\"potentialAction\":[{\"@type\":\"SearchAction\",\"target\":{\"@type\":\"EntryPoint\",\"urlTemplate\":\"https:\/\/www.ruralgia.com\/blog\/?s={search_term_string}\"},\"query-input\":{\"@type\":\"PropertyValueSpecification\",\"valueRequired\":true,\"valueName\":\"search_term_string\"}}],\"inLanguage\":\"es\"},{\"@type\":\"Person\",\"@id\":\"https:\/\/www.ruralgia.com\/blog\/#\/schema\/person\/f9d61dcaa454dc132c65467750b88c01\",\"name\":\"admin\",\"image\":{\"@type\":\"ImageObject\",\"inLanguage\":\"es\",\"@id\":\"https:\/\/www.ruralgia.com\/blog\/#\/schema\/person\/image\/\",\"url\":\"https:\/\/secure.gravatar.com\/avatar\/308988d44afa417cbdf20b1a60ad4489?s=96&d=mm&r=g\",\"contentUrl\":\"https:\/\/secure.gravatar.com\/avatar\/308988d44afa417cbdf20b1a60ad4489?s=96&d=mm&r=g\",\"caption\":\"admin\"},\"url\":\"https:\/\/www.ruralgia.com\/blog\/author\/admin\/\"}]}<\/script>\n<!-- \/ Yoast SEO plugin. -->","yoast_head_json":{"title":"Jornadas Medievales de Briones 2013 - Ruralgia Blog","robots":{"index":"index","follow":"follow","max-snippet":"max-snippet:-1","max-image-preview":"max-image-preview:large","max-video-preview":"max-video-preview:-1"},"canonical":"https:\/\/www.ruralgia.com\/blog\/jornadas-medievales-de-briones-2013\/","og_locale":"es_ES","og_type":"article","og_title":"Jornadas Medievales de Briones 2013 - Ruralgia Blog","og_description":"Las Jornadas Medievales de Briones se estrenan como fiesta de inter\u00e9s tur\u00edstico nacional LA CITA CULTURAL, QUE TENDR\u00c1 LUGAR EL 15 Y 16 DE JUNIO, CONTAR\u00c1 CON PORTALES TEM\u00c1TICOS EN LA ZONA ALTA DEL PUEBLO Un momento de la fiesta &hellip; Sigue leyendo &rarr;","og_url":"https:\/\/www.ruralgia.com\/blog\/jornadas-medievales-de-briones-2013\/","og_site_name":"Ruralgia Blog","article_published_time":"2013-06-03T20:20:16+00:00","og_image":[{"width":647,"height":231,"url":"https:\/\/www.ruralgia.com\/blog\/wp-content\/uploads\/2013\/06\/medieval-647x231.jpg","type":"image\/jpeg"}],"author":"admin","twitter_card":"summary_large_image","twitter_misc":{"Escrito por":"admin","Tiempo de lectura":"3 minutos"},"schema":{"@context":"https:\/\/schema.org","@graph":[{"@type":"WebPage","@id":"https:\/\/www.ruralgia.com\/blog\/jornadas-medievales-de-briones-2013\/","url":"https:\/\/www.ruralgia.com\/blog\/jornadas-medievales-de-briones-2013\/","name":"Jornadas Medievales de Briones 2013 - Ruralgia Blog","isPartOf":{"@id":"https:\/\/www.ruralgia.com\/blog\/#website"},"primaryImageOfPage":{"@id":"https:\/\/www.ruralgia.com\/blog\/jornadas-medievales-de-briones-2013\/#primaryimage"},"image":{"@id":"https:\/\/www.ruralgia.com\/blog\/jornadas-medievales-de-briones-2013\/#primaryimage"},"thumbnailUrl":"https:\/\/www.ruralgia.com\/blog\/wp-content\/uploads\/2013\/06\/medieval-647x231.jpg","datePublished":"2013-06-03T20:20:16+00:00","dateModified":"2013-06-03T20:20:16+00:00","author":{"@id":"https:\/\/www.ruralgia.com\/blog\/#\/schema\/person\/f9d61dcaa454dc132c65467750b88c01"},"breadcrumb":{"@id":"https:\/\/www.ruralgia.com\/blog\/jornadas-medievales-de-briones-2013\/#breadcrumb"},"inLanguage":"es","potentialAction":[{"@type":"ReadAction","target":["https:\/\/www.ruralgia.com\/blog\/jornadas-medievales-de-briones-2013\/"]}]},{"@type":"ImageObject","inLanguage":"es","@id":"https:\/\/www.ruralgia.com\/blog\/jornadas-medievales-de-briones-2013\/#primaryimage","url":"https:\/\/www.ruralgia.com\/blog\/wp-content\/uploads\/2013\/06\/medieval-647x231.jpg","contentUrl":"https:\/\/www.ruralgia.com\/blog\/wp-content\/uploads\/2013\/06\/medieval-647x231.jpg","width":647,"height":231},{"@type":"BreadcrumbList","@id":"https:\/\/www.ruralgia.com\/blog\/jornadas-medievales-de-briones-2013\/#breadcrumb","itemListElement":[{"@type":"ListItem","position":1,"name":"Portada","item":"https:\/\/www.ruralgia.com\/blog\/"},{"@type":"ListItem","position":2,"name":"Jornadas Medievales de Briones 2013"}]},{"@type":"WebSite","@id":"https:\/\/www.ruralgia.com\/blog\/#website","url":"https:\/\/www.ruralgia.com\/blog\/","name":"Ruralgia Blog","description":"El blog de viajes y turismo de Ruralgia","potentialAction":[{"@type":"SearchAction","target":{"@type":"EntryPoint","urlTemplate":"https:\/\/www.ruralgia.com\/blog\/?s={search_term_string}"},"query-input":{"@type":"PropertyValueSpecification","valueRequired":true,"valueName":"search_term_string"}}],"inLanguage":"es"},{"@type":"Person","@id":"https:\/\/www.ruralgia.com\/blog\/#\/schema\/person\/f9d61dcaa454dc132c65467750b88c01","name":"admin","image":{"@type":"ImageObject","inLanguage":"es","@id":"https:\/\/www.ruralgia.com\/blog\/#\/schema\/person\/image\/","url":"https:\/\/secure.gravatar.com\/avatar\/308988d44afa417cbdf20b1a60ad4489?s=96&d=mm&r=g","contentUrl":"https:\/\/secure.gravatar.com\/avatar\/308988d44afa417cbdf20b1a60ad4489?s=96&d=mm&r=g","caption":"admin"},"url":"https:\/\/www.ruralgia.com\/blog\/author\/admin\/"}]}},"amp_enabled":true,"_links":{"self":[{"href":"https:\/\/www.ruralgia.com\/blog\/wp-json\/wp\/v2\/posts\/804","targetHints":{"allow":["GET"]}}],"collection":[{"href":"https:\/\/www.ruralgia.com\/blog\/wp-json\/wp\/v2\/posts"}],"about":[{"href":"https:\/\/www.ruralgia.com\/blog\/wp-json\/wp\/v2\/types\/post"}],"author":[{"embeddable":true,"href":"https:\/\/www.ruralgia.com\/blog\/wp-json\/wp\/v2\/users\/1"}],"replies":[{"embeddable":true,"href":"https:\/\/www.ruralgia.com\/blog\/wp-json\/wp\/v2\/comments?post=804"}],"version-history":[{"count":18,"href":"https:\/\/www.ruralgia.com\/blog\/wp-json\/wp\/v2\/posts\/804\/revisions"}],"predecessor-version":[{"id":826,"href":"https:\/\/www.ruralgia.com\/blog\/wp-json\/wp\/v2\/posts\/804\/revisions\/826"}],"wp:featuredmedia":[{"embeddable":true,"href":"https:\/\/www.ruralgia.com\/blog\/wp-json\/wp\/v2\/media\/805"}],"wp:attachment":[{"href":"https:\/\/www.ruralgia.com\/blog\/wp-json\/wp\/v2\/media?parent=804"}],"wp:term":[{"taxonomy":"category","embeddable":true,"href":"https:\/\/www.ruralgia.com\/blog\/wp-json\/wp\/v2\/categories?post=804"},{"taxonomy":"post_tag","embeddable":true,"href":"https:\/\/www.ruralgia.com\/blog\/wp-json\/wp\/v2\/tags?post=804"}],"curies":[{"name":"wp","href":"https:\/\/api.w.org\/{rel}","templated":true}]}}