{"id":855,"date":"2013-06-27T07:11:04","date_gmt":"2013-06-27T07:11:04","guid":{"rendered":"https:\/\/www.ruralgia.com\/blog\/?p=855"},"modified":"2013-06-27T07:11:07","modified_gmt":"2013-06-27T07:11:07","slug":"festival-internacional-de-teatro-clasico-de-almagro-2013","status":"publish","type":"post","link":"https:\/\/www.ruralgia.com\/blog\/festival-internacional-de-teatro-clasico-de-almagro-2013\/","title":{"rendered":"Festival Internacional de Teatro Cl\u00e1sico de Almagro 2013"},"content":{"rendered":"<p><strong>Del 4 al 28 de Julio<\/strong> Almagro celebra su 36 Festival Internacional de Teatro Cl\u00e1sico. Referente del legado teatral Barroco en todo el mundo. Adem\u00e1s, Almagro obstenta el t\u00edtulo de Ciudad Conjunto Hist\u00f3rico-Art\u00edstico, por lo que la experienca de vivir el Festival es \u00fanica por la programaci\u00f3n y el entorno.<\/p>\n<p><a href=\"http:\/\/www.festivaldealmagro.com\/programa_actual.php\" target=\"_blank\">Programa<\/a><\/p>\n<p><a href=\"https:\/\/www.ruralgia.com\/blog\/festival-internacional-de-teatro-clasico-de-almagro-2013\/almagro\/\" rel=\"attachment wp-att-856\"><img loading=\"lazy\" decoding=\"async\" class=\"size-medium wp-image-856 alignleft\" style=\"border: 2px solid black; margin: 5px;\" alt=\"almagro\" src=\"https:\/\/www.ruralgia.com\/blog\/wp-content\/uploads\/2013\/06\/almagro-300x139.jpg\" width=\"300\" height=\"139\" srcset=\"https:\/\/www.ruralgia.com\/blog\/wp-content\/uploads\/2013\/06\/almagro-300x139.jpg 300w, https:\/\/www.ruralgia.com\/blog\/wp-content\/uploads\/2013\/06\/almagro.jpg 548w\" sizes=\"auto, (max-width: 300px) 100vw, 300px\" \/><\/a><\/p>\n<p>\u00ab<strong>El color de los Cl\u00e1sicos<\/strong>\u00bb es el lema de este a\u00f1o del Festival, que celebra su trig\u00e9simo sexta edici\u00f3n. Natalia Men\u00e9ndez su directora quiere apostar esta a\u00f1o por el p\u00fablico familiar, a los proyectos j\u00f3venes y a las nuevas miradas de autores contempor\u00e1neos.<\/p>\n<p>El Festival de Almagro presentar\u00e1 este a\u00f1o casi un centenar de reperesntaciones a cargo de cuarenta y cinco compa\u00f1ias, nueve de ellas internacionaes. Alemania es el pa\u00eds invitado de honor y se ver\u00e1n trabajos procedentes de Reino Unido, Portugal, M\u00e9xico, Argentina, Colombia y Chile.<\/p>\n<p>Destaca este a\u00f1o la introducci\u00f3n de cinco espect\u00e1culos de Microteatro; la continuidad del Certamen Internacional Barroco Infantil; del Certamen Internacional Almagro Off; una nueva edici\u00f3n de las Jornadas de teatro cl\u00e1sico organizadas por la Universidad de Castilla La Mancha; y las jornadas de cr\u00edtica teatral organizadas por la Fundaci\u00f3n UNIR y la Fundaci\u00f3n del propio festival.<\/p>\n<p><script src='https:\/\/www.ruralgia.com\/caja_cerca.php?metodo=municipio&#038;ancho=250&#038;elementos=4&#038;size=90&#038;estilo=base&#038;float=left&#038;kms=20&#038;aleatorio=false&#038;municipio=Almagro (Ciudad Real)' type='text\/javascript'><\/script><\/p>\n<div><span style=\"color: #9e0704; font-family: Tahoma,Arial,Helvetica,sans-serif;\"><b>Corral de Comedias<\/b><\/p>\n<p><\/span><\/div>\n<div><span style=\"color: #000000; font-family: Tahoma,Arial,Helvetica,sans-serif;\">\u00a0<\/span><\/div>\n<div><span style=\"color: #000000; font-family: Tahoma,Arial,Helvetica,sans-serif;\">La programaci\u00f3n en el espacio m\u00e1s representativo del Festival de Almagro arranca el 4 de julio con la entrega del Premio Corral de Comedias a la Schaub\u00fchne de Berl\u00edn. Los d\u00edas 5 y 6 se representar\u00e1 Otelo, adaptaci\u00f3n y direcci\u00f3n de Teresita Iacobelli, Jaime Lorca y Christian Ortega. <strong>El 7<\/strong> de julio se podr\u00e1 ver <strong>El busc\u00f3n<\/strong> versionado y dirigido por Daniel P\u00e9rez. <strong>El d\u00eda 8<\/strong> subir\u00e1 a escena <strong>J\u00fabilo terminal<\/strong> dirigido por Jos\u00e9 Pedro Carri\u00f3n y Jes\u00fas Castej\u00f3n. <strong>El 12<\/strong> de julio llega <strong>Shakespeare<\/strong> para ignorantes con dramaturgia y direcci\u00f3n de Quico Cadaval.<\/p>\n<p><\/span><\/div>\n<p><span style=\"color: #000000; font-family: Tahoma,Arial,Helvetica,sans-serif;\">Los d\u00edas <strong>13 y 14<\/strong> se representar\u00e1 <strong>La hoster\u00eda de la Posta<\/strong> con adaptaci\u00f3n y direcci\u00f3n de Jos\u00e9 G\u00f3mez. <strong>El 18<\/strong> de julio tendr\u00e1 lugar el <strong>homenaje a \u00c1ngel Fern\u00e1ndez Montesinos<\/strong>. <strong>El d\u00eda 19<\/strong> podremos ver <strong>Quevedo<\/strong>. Donde hay poca justicia es un peligro tener raz\u00f3n, con dramaturgia y direcci\u00f3n de H\u00e9ctor del Saz. <strong>Los d\u00edas 20 y 21<\/strong> llega <strong>A secreto agravio<\/strong>, secreta venganza bajo la adaptaci\u00f3n y direcci\u00f3n de Lino Ferreira. <strong>El 26<\/strong> de julio sube a las tablas <strong>Macbeth<\/strong> dirigido por John Mowat. Y para cerrar la programaci\u00f3n de este espacio, <strong>los d\u00edas 27 y 28<\/strong> podremos ver <strong>El burlador de Sevilla<\/strong> versionado y dirigido por Gonzala Mart\u00edn Scherman.<\/span><\/p>\n<div><span style=\"color: #9e0704; font-family: Tahoma,Arial,Helvetica,sans-serif;\"><br \/><b>Antigua Universidad Renacentista, AUREA<\/b><\/p>\n<p><\/span><\/div>\n<p><span style=\"color: #000000; font-family: Tahoma,Arial,Helvetica,sans-serif;\"><strong>Los d\u00edas 5 y 6<\/strong> de julio podremos ver en este espacio <strong>El mercader de Venecia<\/strong> con dramaturgia de Julia Weinreich y dirigido por Tilman K\u00f6hler. <strong>El 7<\/strong> de julio llega <strong>De amor y lujuria<\/strong> con dramaturgia y direcci\u00f3n de Mar\u00eda Jos\u00e9 Goyanes. <strong>Los d\u00edas 12 y 13<\/strong> se representar\u00e1 <strong>El rey Lear<\/strong> con dramaturgia de Pepa Gamboa y Antonio Mart\u00edn y dirigido por Gamboa.\u00a0 <strong>El 14<\/strong> de julio llega la versi\u00f3n de Eduardo Gal\u00e1n de <strong>El caballero de Olmedo<\/strong> dirigida por Mariano de Paco Serrano. <strong>Del 18 al 27<\/strong> se representar\u00e1 la versi\u00f3n de Daniel P\u00e9rez de <strong>La noche toledana<\/strong> dirigida por Carlos Marchena.<\/span><\/p>\n<p><a href=\"http:\/\/www.almagromonumental.com\/about.html#anchor_1437\" target=\"_blank\">Fuente<\/a><\/p>\n<p>&nbsp;<\/p>\n<p>&nbsp;<\/p>\n","protected":false},"excerpt":{"rendered":"<p>Del 4 al 28 de Julio Almagro celebra su 36 Festival Internacional de Teatro Cl\u00e1sico. Referente del legado teatral Barroco en todo el mundo. Adem\u00e1s, Almagro obstenta el t\u00edtulo de Ciudad Conjunto Hist\u00f3rico-Art\u00edstico, por lo que la experienca de vivir &hellip; <a href=\"https:\/\/www.ruralgia.com\/blog\/festival-internacional-de-teatro-clasico-de-almagro-2013\/\">Sigue leyendo <span class=\"meta-nav\">&rarr;<\/span><\/a><\/p>\n","protected":false},"author":1,"featured_media":856,"comment_status":"open","ping_status":"open","sticky":false,"template":"","format":"standard","meta":{"footnotes":""},"categories":[69,90,12,91,9],"tags":[158,161,156,22,71],"class_list":["post-855","post","type-post","status-publish","format-standard","has-post-thumbnail","hentry","category-eventos","category-fiestas-2","category-propuestas","category-propuestas-eventos","category-viajeros","tag-cultura","tag-eventos","tag-festival","tag-fiestas","tag-turismo-rural"],"yoast_head":"<!-- This site is optimized with the Yoast SEO plugin v24.1 - https:\/\/yoast.com\/wordpress\/plugins\/seo\/ -->\n<title>Festival Internacional de Teatro Cl\u00e1sico de Almagro 2013 - Ruralgia Blog<\/title>\n<meta name=\"robots\" content=\"index, follow, max-snippet:-1, max-image-preview:large, max-video-preview:-1\" \/>\n<link rel=\"canonical\" href=\"https:\/\/www.ruralgia.com\/blog\/festival-internacional-de-teatro-clasico-de-almagro-2013\/\" \/>\n<meta property=\"og:locale\" content=\"es_ES\" \/>\n<meta property=\"og:type\" content=\"article\" \/>\n<meta property=\"og:title\" content=\"Festival Internacional de Teatro Cl\u00e1sico de Almagro 2013 - Ruralgia Blog\" \/>\n<meta property=\"og:description\" content=\"Del 4 al 28 de Julio Almagro celebra su 36 Festival Internacional de Teatro Cl\u00e1sico. Referente del legado teatral Barroco en todo el mundo. Adem\u00e1s, Almagro obstenta el t\u00edtulo de Ciudad Conjunto Hist\u00f3rico-Art\u00edstico, por lo que la experienca de vivir &hellip; Sigue leyendo &rarr;\" \/>\n<meta property=\"og:url\" content=\"https:\/\/www.ruralgia.com\/blog\/festival-internacional-de-teatro-clasico-de-almagro-2013\/\" \/>\n<meta property=\"og:site_name\" content=\"Ruralgia Blog\" \/>\n<meta property=\"article:published_time\" content=\"2013-06-27T07:11:04+00:00\" \/>\n<meta property=\"article:modified_time\" content=\"2013-06-27T07:11:07+00:00\" \/>\n<meta property=\"og:image\" content=\"https:\/\/www.ruralgia.com\/blog\/wp-content\/uploads\/2013\/06\/almagro.jpg\" \/>\n\t<meta property=\"og:image:width\" content=\"548\" \/>\n\t<meta property=\"og:image:height\" content=\"255\" \/>\n\t<meta property=\"og:image:type\" content=\"image\/jpeg\" \/>\n<meta name=\"author\" content=\"admin\" \/>\n<meta name=\"twitter:card\" content=\"summary_large_image\" \/>\n<meta name=\"twitter:label1\" content=\"Escrito por\" \/>\n\t<meta name=\"twitter:data1\" content=\"admin\" \/>\n\t<meta name=\"twitter:label2\" content=\"Tiempo de lectura\" \/>\n\t<meta name=\"twitter:data2\" content=\"3 minutos\" \/>\n<script type=\"application\/ld+json\" class=\"yoast-schema-graph\">{\"@context\":\"https:\/\/schema.org\",\"@graph\":[{\"@type\":\"WebPage\",\"@id\":\"https:\/\/www.ruralgia.com\/blog\/festival-internacional-de-teatro-clasico-de-almagro-2013\/\",\"url\":\"https:\/\/www.ruralgia.com\/blog\/festival-internacional-de-teatro-clasico-de-almagro-2013\/\",\"name\":\"Festival Internacional de Teatro Cl\u00e1sico de Almagro 2013 - Ruralgia Blog\",\"isPartOf\":{\"@id\":\"https:\/\/www.ruralgia.com\/blog\/#website\"},\"primaryImageOfPage\":{\"@id\":\"https:\/\/www.ruralgia.com\/blog\/festival-internacional-de-teatro-clasico-de-almagro-2013\/#primaryimage\"},\"image\":{\"@id\":\"https:\/\/www.ruralgia.com\/blog\/festival-internacional-de-teatro-clasico-de-almagro-2013\/#primaryimage\"},\"thumbnailUrl\":\"https:\/\/www.ruralgia.com\/blog\/wp-content\/uploads\/2013\/06\/almagro.jpg\",\"datePublished\":\"2013-06-27T07:11:04+00:00\",\"dateModified\":\"2013-06-27T07:11:07+00:00\",\"author\":{\"@id\":\"https:\/\/www.ruralgia.com\/blog\/#\/schema\/person\/f9d61dcaa454dc132c65467750b88c01\"},\"breadcrumb\":{\"@id\":\"https:\/\/www.ruralgia.com\/blog\/festival-internacional-de-teatro-clasico-de-almagro-2013\/#breadcrumb\"},\"inLanguage\":\"es\",\"potentialAction\":[{\"@type\":\"ReadAction\",\"target\":[\"https:\/\/www.ruralgia.com\/blog\/festival-internacional-de-teatro-clasico-de-almagro-2013\/\"]}]},{\"@type\":\"ImageObject\",\"inLanguage\":\"es\",\"@id\":\"https:\/\/www.ruralgia.com\/blog\/festival-internacional-de-teatro-clasico-de-almagro-2013\/#primaryimage\",\"url\":\"https:\/\/www.ruralgia.com\/blog\/wp-content\/uploads\/2013\/06\/almagro.jpg\",\"contentUrl\":\"https:\/\/www.ruralgia.com\/blog\/wp-content\/uploads\/2013\/06\/almagro.jpg\",\"width\":548,\"height\":255},{\"@type\":\"BreadcrumbList\",\"@id\":\"https:\/\/www.ruralgia.com\/blog\/festival-internacional-de-teatro-clasico-de-almagro-2013\/#breadcrumb\",\"itemListElement\":[{\"@type\":\"ListItem\",\"position\":1,\"name\":\"Portada\",\"item\":\"https:\/\/www.ruralgia.com\/blog\/\"},{\"@type\":\"ListItem\",\"position\":2,\"name\":\"Festival Internacional de Teatro Cl\u00e1sico de Almagro 2013\"}]},{\"@type\":\"WebSite\",\"@id\":\"https:\/\/www.ruralgia.com\/blog\/#website\",\"url\":\"https:\/\/www.ruralgia.com\/blog\/\",\"name\":\"Ruralgia Blog\",\"description\":\"El blog de viajes y turismo de Ruralgia\",\"potentialAction\":[{\"@type\":\"SearchAction\",\"target\":{\"@type\":\"EntryPoint\",\"urlTemplate\":\"https:\/\/www.ruralgia.com\/blog\/?s={search_term_string}\"},\"query-input\":{\"@type\":\"PropertyValueSpecification\",\"valueRequired\":true,\"valueName\":\"search_term_string\"}}],\"inLanguage\":\"es\"},{\"@type\":\"Person\",\"@id\":\"https:\/\/www.ruralgia.com\/blog\/#\/schema\/person\/f9d61dcaa454dc132c65467750b88c01\",\"name\":\"admin\",\"image\":{\"@type\":\"ImageObject\",\"inLanguage\":\"es\",\"@id\":\"https:\/\/www.ruralgia.com\/blog\/#\/schema\/person\/image\/\",\"url\":\"https:\/\/secure.gravatar.com\/avatar\/308988d44afa417cbdf20b1a60ad4489?s=96&d=mm&r=g\",\"contentUrl\":\"https:\/\/secure.gravatar.com\/avatar\/308988d44afa417cbdf20b1a60ad4489?s=96&d=mm&r=g\",\"caption\":\"admin\"},\"url\":\"https:\/\/www.ruralgia.com\/blog\/author\/admin\/\"}]}<\/script>\n<!-- \/ Yoast SEO plugin. -->","yoast_head_json":{"title":"Festival Internacional de Teatro Cl\u00e1sico de Almagro 2013 - Ruralgia Blog","robots":{"index":"index","follow":"follow","max-snippet":"max-snippet:-1","max-image-preview":"max-image-preview:large","max-video-preview":"max-video-preview:-1"},"canonical":"https:\/\/www.ruralgia.com\/blog\/festival-internacional-de-teatro-clasico-de-almagro-2013\/","og_locale":"es_ES","og_type":"article","og_title":"Festival Internacional de Teatro Cl\u00e1sico de Almagro 2013 - Ruralgia Blog","og_description":"Del 4 al 28 de Julio Almagro celebra su 36 Festival Internacional de Teatro Cl\u00e1sico. Referente del legado teatral Barroco en todo el mundo. Adem\u00e1s, Almagro obstenta el t\u00edtulo de Ciudad Conjunto Hist\u00f3rico-Art\u00edstico, por lo que la experienca de vivir &hellip; Sigue leyendo &rarr;","og_url":"https:\/\/www.ruralgia.com\/blog\/festival-internacional-de-teatro-clasico-de-almagro-2013\/","og_site_name":"Ruralgia Blog","article_published_time":"2013-06-27T07:11:04+00:00","article_modified_time":"2013-06-27T07:11:07+00:00","og_image":[{"width":548,"height":255,"url":"https:\/\/www.ruralgia.com\/blog\/wp-content\/uploads\/2013\/06\/almagro.jpg","type":"image\/jpeg"}],"author":"admin","twitter_card":"summary_large_image","twitter_misc":{"Escrito por":"admin","Tiempo de lectura":"3 minutos"},"schema":{"@context":"https:\/\/schema.org","@graph":[{"@type":"WebPage","@id":"https:\/\/www.ruralgia.com\/blog\/festival-internacional-de-teatro-clasico-de-almagro-2013\/","url":"https:\/\/www.ruralgia.com\/blog\/festival-internacional-de-teatro-clasico-de-almagro-2013\/","name":"Festival Internacional de Teatro Cl\u00e1sico de Almagro 2013 - Ruralgia Blog","isPartOf":{"@id":"https:\/\/www.ruralgia.com\/blog\/#website"},"primaryImageOfPage":{"@id":"https:\/\/www.ruralgia.com\/blog\/festival-internacional-de-teatro-clasico-de-almagro-2013\/#primaryimage"},"image":{"@id":"https:\/\/www.ruralgia.com\/blog\/festival-internacional-de-teatro-clasico-de-almagro-2013\/#primaryimage"},"thumbnailUrl":"https:\/\/www.ruralgia.com\/blog\/wp-content\/uploads\/2013\/06\/almagro.jpg","datePublished":"2013-06-27T07:11:04+00:00","dateModified":"2013-06-27T07:11:07+00:00","author":{"@id":"https:\/\/www.ruralgia.com\/blog\/#\/schema\/person\/f9d61dcaa454dc132c65467750b88c01"},"breadcrumb":{"@id":"https:\/\/www.ruralgia.com\/blog\/festival-internacional-de-teatro-clasico-de-almagro-2013\/#breadcrumb"},"inLanguage":"es","potentialAction":[{"@type":"ReadAction","target":["https:\/\/www.ruralgia.com\/blog\/festival-internacional-de-teatro-clasico-de-almagro-2013\/"]}]},{"@type":"ImageObject","inLanguage":"es","@id":"https:\/\/www.ruralgia.com\/blog\/festival-internacional-de-teatro-clasico-de-almagro-2013\/#primaryimage","url":"https:\/\/www.ruralgia.com\/blog\/wp-content\/uploads\/2013\/06\/almagro.jpg","contentUrl":"https:\/\/www.ruralgia.com\/blog\/wp-content\/uploads\/2013\/06\/almagro.jpg","width":548,"height":255},{"@type":"BreadcrumbList","@id":"https:\/\/www.ruralgia.com\/blog\/festival-internacional-de-teatro-clasico-de-almagro-2013\/#breadcrumb","itemListElement":[{"@type":"ListItem","position":1,"name":"Portada","item":"https:\/\/www.ruralgia.com\/blog\/"},{"@type":"ListItem","position":2,"name":"Festival Internacional de Teatro Cl\u00e1sico de Almagro 2013"}]},{"@type":"WebSite","@id":"https:\/\/www.ruralgia.com\/blog\/#website","url":"https:\/\/www.ruralgia.com\/blog\/","name":"Ruralgia Blog","description":"El blog de viajes y turismo de Ruralgia","potentialAction":[{"@type":"SearchAction","target":{"@type":"EntryPoint","urlTemplate":"https:\/\/www.ruralgia.com\/blog\/?s={search_term_string}"},"query-input":{"@type":"PropertyValueSpecification","valueRequired":true,"valueName":"search_term_string"}}],"inLanguage":"es"},{"@type":"Person","@id":"https:\/\/www.ruralgia.com\/blog\/#\/schema\/person\/f9d61dcaa454dc132c65467750b88c01","name":"admin","image":{"@type":"ImageObject","inLanguage":"es","@id":"https:\/\/www.ruralgia.com\/blog\/#\/schema\/person\/image\/","url":"https:\/\/secure.gravatar.com\/avatar\/308988d44afa417cbdf20b1a60ad4489?s=96&d=mm&r=g","contentUrl":"https:\/\/secure.gravatar.com\/avatar\/308988d44afa417cbdf20b1a60ad4489?s=96&d=mm&r=g","caption":"admin"},"url":"https:\/\/www.ruralgia.com\/blog\/author\/admin\/"}]}},"amp_enabled":true,"_links":{"self":[{"href":"https:\/\/www.ruralgia.com\/blog\/wp-json\/wp\/v2\/posts\/855","targetHints":{"allow":["GET"]}}],"collection":[{"href":"https:\/\/www.ruralgia.com\/blog\/wp-json\/wp\/v2\/posts"}],"about":[{"href":"https:\/\/www.ruralgia.com\/blog\/wp-json\/wp\/v2\/types\/post"}],"author":[{"embeddable":true,"href":"https:\/\/www.ruralgia.com\/blog\/wp-json\/wp\/v2\/users\/1"}],"replies":[{"embeddable":true,"href":"https:\/\/www.ruralgia.com\/blog\/wp-json\/wp\/v2\/comments?post=855"}],"version-history":[{"count":46,"href":"https:\/\/www.ruralgia.com\/blog\/wp-json\/wp\/v2\/posts\/855\/revisions"}],"predecessor-version":[{"id":902,"href":"https:\/\/www.ruralgia.com\/blog\/wp-json\/wp\/v2\/posts\/855\/revisions\/902"}],"wp:featuredmedia":[{"embeddable":true,"href":"https:\/\/www.ruralgia.com\/blog\/wp-json\/wp\/v2\/media\/856"}],"wp:attachment":[{"href":"https:\/\/www.ruralgia.com\/blog\/wp-json\/wp\/v2\/media?parent=855"}],"wp:term":[{"taxonomy":"category","embeddable":true,"href":"https:\/\/www.ruralgia.com\/blog\/wp-json\/wp\/v2\/categories?post=855"},{"taxonomy":"post_tag","embeddable":true,"href":"https:\/\/www.ruralgia.com\/blog\/wp-json\/wp\/v2\/tags?post=855"}],"curies":[{"name":"wp","href":"https:\/\/api.w.org\/{rel}","templated":true}]}}