{"id":944,"date":"2013-06-28T15:59:32","date_gmt":"2013-06-28T15:59:32","guid":{"rendered":"https:\/\/www.ruralgia.com\/blog\/?p=944"},"modified":"2013-09-15T22:36:24","modified_gmt":"2013-09-15T22:36:24","slug":"feria-de-artesania-y-fiesta-de-los-fueros-de-la-villa-de-sepulveda-2013","status":"publish","type":"post","link":"https:\/\/www.ruralgia.com\/blog\/feria-de-artesania-y-fiesta-de-los-fueros-de-la-villa-de-sepulveda-2013\/","title":{"rendered":"Feria de Artesan\u00eda y Fiesta de los Fueros de la Villa de Sep\u00falveda 2013"},"content":{"rendered":"<h2>El XXX Aniversario de la Feria de la Artesan\u00eda y la Fiesta de los Fueros marcan el mes de Julio en la Villa de Sep\u00falveda<\/h2>\n<p><img loading=\"lazy\" decoding=\"async\" class=\"size-medium wp-image-945 alignleft\" style=\"border: 1px solid black; margin: 5px;\" title=\"XXX Aniversario de la Feria de la Artesan\u00eda y la Fiesta de los Fueros de la Villa de Sep\u00falveda\" alt=\"article\" src=\"https:\/\/www.ruralgia.com\/blog\/wp-content\/uploads\/2013\/06\/article-211x300.gif\" width=\"211\" height=\"300\" \/><\/p>\n<p><strong>Fechas<\/strong>:\u00a0Tercer fin de semana de Julio. <strong>20 y 21 de Julio<\/strong><\/p>\n<div id=\"aui-3-2-0PR1-1112\">Esta fiesta conmemora el Fuero otorgado a la Villa por el conde\u00a0Fern\u00e1n Gonz\u00e1lez, confirmado por\u00a0Alfonso VI de Castilla\u00a0en el a\u00f1o\u00a01076.\u00a0Este fuero encarnaba el Derecho en la\u00a0Extremadura Castellana. Ampliado posteriormente y codificado en1300\u00a0fue otorgado a otras poblaciones como a\u00a0Zaragoza\u00a0y\u00a0Teruel\u00a0y, a partir deUcl\u00e9s, a muchas poblaciones de la\u00a0Orden de Santiago. El territorio en el que el fuero tenia vigencia no era solo la villa de Sep\u00falveda, sino que se extend\u00eda en lo que se defini\u00f3 como\u00a0Comunidad de Villa y Tierra de Sep\u00falveda\u00a0que todav\u00eda existe. Esta comunidad abarca 37 municipios.<\/div>\n<div><\/div>\n<p><\/p>\n<div>El II Certamen de Teatro Aficionado \u00abSiete Llaves de Sep\u00falveda\u00bb celebrado con \u00e9xito durante el mes de junio deja paso a un intenso mes de julio en donde la cultura, la historia, el aprendizaje y la diversi\u00f3n tienen cabida. <script src='https:\/\/www.ruralgia.com\/caja_cerca.php?metodo=municipio&#038;ancho=250&#038;elementos=4&#038;size=90&#038;estilo=swanky-purse&#038;float=right&#038;kms=20&#038;aleatorio=false&#038;municipio=Sep\u00falveda (Segovia)' type='text\/javascript'><\/script> La celebraci\u00f3n del XXX aniversario de la Feria de la Artesan\u00eda y la Fiesta de los Fueros tendr\u00e1 lugar el fin de semana del 20 y 21 de julio. Una Fiesta dedicada al Fuero y a la artesan\u00eda, en la que destaca como cada a\u00f1o la variedad, la originalidad y la colaboraci\u00f3n de los artesanos, los industriales y los vecinos de la Villa.<\/div>\n<p>Una Feria a la que proseguir\u00e1 la Semana Cultural. Semana Cultural dirigida a todos, en la que peque\u00f1os y mayores podr\u00e1n disfrutar a trav\u00e9s de la diversidad de las actividades que se van a efectuar desde el lunes 22 hasta el s\u00e1bado 27 de julio. Las danzas, la canter\u00eda, la historia, el cine tratar\u00e1n de unir a diferentes generaciones y ante todo de divertir, ilusionar, ense\u00f1ar y emocionar. Para todos los que quieran disfrutar de estos d\u00edas dedicados en definitiva a la cultura y el disfrute, adjuntamos la programaci\u00f3n completa.<\/p>\n<p><a title=\"Programa de la Fiesta de los Fueros 2013\" href=\"http:\/\/www.sepulveda.es\/actualidad-municipal\/-\/asset_publisher\/hr5A\/content\/el-xxx-aniversario-de-la-feria-de-la-artesania-y-la-fiesta-de-los-fueros-marcan-el-mes-de-julio-en-la-villa-de-sepulveda?redirect=http%3a%2f%2fwww.sepulveda.es%2factualidad-municipal%3fp_p_id%3d101_INSTANCE_hr5A%26p_p_lifecycle%3d0%26p_p_state%3dnormal%26p_p_mode%3dview%26p_p_col_id%3dcolumn-2%26p_p_col_count%3d1&amp;articleId=700160&amp;groupId=36116\" target=\"_blank\"><\/p>\n<p style=\"display: inline !important;\"><strong>Programa de la Fiesta de los Fueros 2013<\/strong><\/p>\n<p><\/a><\/p>\n<p style=\"display: inline !important;\">\n<p style=\"display: inline !important;\">\n<div><a title=\"Galer\u00eda de fotos de la Fiesta de los Fueros de Sep\u00falveda 2012\" href=\"http:\/\/www.elnortedecastilla.es\/multimedia\/fotos\/ultimos\/102520-fiesta-fueros-sepulveda-0.html\" target=\"_blank\"><strong>Galer\u00eda de fotos de la Fiesta de los Fueros 2012<\/strong>&nbsp;<\/p>\n<p><\/a>&nbsp;<\/p>\n<\/div>\n","protected":false},"excerpt":{"rendered":"<p>El XXX Aniversario de la Feria de la Artesan\u00eda y la Fiesta de los Fueros marcan el mes de Julio en la Villa de Sep\u00falveda Fechas:\u00a0Tercer fin de semana de Julio. 20 y 21 de Julio Esta fiesta conmemora el &hellip; <a href=\"https:\/\/www.ruralgia.com\/blog\/feria-de-artesania-y-fiesta-de-los-fueros-de-la-villa-de-sepulveda-2013\/\">Sigue leyendo <span class=\"meta-nav\">&rarr;<\/span><\/a><\/p>\n","protected":false},"author":4,"featured_media":945,"comment_status":"open","ping_status":"open","sticky":false,"template":"","format":"standard","meta":{"footnotes":""},"categories":[69,90],"tags":[158,44,23,22,43,61],"class_list":["post-944","post","type-post","status-publish","format-standard","has-post-thumbnail","hentry","category-eventos","category-fiestas-2","tag-cultura","tag-evento-historico","tag-feria-medieval","tag-fiestas","tag-historia","tag-sepulveda"],"yoast_head":"<!-- This site is optimized with the Yoast SEO plugin v24.1 - https:\/\/yoast.com\/wordpress\/plugins\/seo\/ -->\n<title>Feria de Artesan\u00eda y Fiesta de los Fueros de la Villa de Sep\u00falveda 2013 - Ruralgia Blog<\/title>\n<meta name=\"robots\" content=\"index, follow, max-snippet:-1, max-image-preview:large, max-video-preview:-1\" \/>\n<link rel=\"canonical\" href=\"https:\/\/www.ruralgia.com\/blog\/feria-de-artesania-y-fiesta-de-los-fueros-de-la-villa-de-sepulveda-2013\/\" \/>\n<meta property=\"og:locale\" content=\"es_ES\" \/>\n<meta property=\"og:type\" content=\"article\" \/>\n<meta property=\"og:title\" content=\"Feria de Artesan\u00eda y Fiesta de los Fueros de la Villa de Sep\u00falveda 2013 - Ruralgia Blog\" \/>\n<meta property=\"og:description\" content=\"El XXX Aniversario de la Feria de la Artesan\u00eda y la Fiesta de los Fueros marcan el mes de Julio en la Villa de Sep\u00falveda Fechas:\u00a0Tercer fin de semana de Julio. 20 y 21 de Julio Esta fiesta conmemora el &hellip; Sigue leyendo &rarr;\" \/>\n<meta property=\"og:url\" content=\"https:\/\/www.ruralgia.com\/blog\/feria-de-artesania-y-fiesta-de-los-fueros-de-la-villa-de-sepulveda-2013\/\" \/>\n<meta property=\"og:site_name\" content=\"Ruralgia Blog\" \/>\n<meta property=\"article:published_time\" content=\"2013-06-28T15:59:32+00:00\" \/>\n<meta property=\"article:modified_time\" content=\"2013-09-15T22:36:24+00:00\" \/>\n<meta property=\"og:image\" content=\"https:\/\/www.ruralgia.com\/blog\/wp-content\/uploads\/2013\/06\/article.gif\" \/>\n\t<meta property=\"og:image:width\" content=\"527\" \/>\n\t<meta property=\"og:image:height\" content=\"746\" \/>\n\t<meta property=\"og:image:type\" content=\"image\/gif\" \/>\n<meta name=\"author\" content=\"C\u00e9sar Pati\u00f1o Varela\" \/>\n<meta name=\"twitter:card\" content=\"summary_large_image\" \/>\n<meta name=\"twitter:label1\" content=\"Escrito por\" \/>\n\t<meta name=\"twitter:data1\" content=\"C\u00e9sar Pati\u00f1o Varela\" \/>\n\t<meta name=\"twitter:label2\" content=\"Tiempo de lectura\" \/>\n\t<meta name=\"twitter:data2\" content=\"2 minutos\" \/>\n<script type=\"application\/ld+json\" class=\"yoast-schema-graph\">{\"@context\":\"https:\/\/schema.org\",\"@graph\":[{\"@type\":\"WebPage\",\"@id\":\"https:\/\/www.ruralgia.com\/blog\/feria-de-artesania-y-fiesta-de-los-fueros-de-la-villa-de-sepulveda-2013\/\",\"url\":\"https:\/\/www.ruralgia.com\/blog\/feria-de-artesania-y-fiesta-de-los-fueros-de-la-villa-de-sepulveda-2013\/\",\"name\":\"Feria de Artesan\u00eda y Fiesta de los Fueros de la Villa de Sep\u00falveda 2013 - Ruralgia Blog\",\"isPartOf\":{\"@id\":\"https:\/\/www.ruralgia.com\/blog\/#website\"},\"primaryImageOfPage\":{\"@id\":\"https:\/\/www.ruralgia.com\/blog\/feria-de-artesania-y-fiesta-de-los-fueros-de-la-villa-de-sepulveda-2013\/#primaryimage\"},\"image\":{\"@id\":\"https:\/\/www.ruralgia.com\/blog\/feria-de-artesania-y-fiesta-de-los-fueros-de-la-villa-de-sepulveda-2013\/#primaryimage\"},\"thumbnailUrl\":\"https:\/\/www.ruralgia.com\/blog\/wp-content\/uploads\/2013\/06\/article.gif\",\"datePublished\":\"2013-06-28T15:59:32+00:00\",\"dateModified\":\"2013-09-15T22:36:24+00:00\",\"author\":{\"@id\":\"https:\/\/www.ruralgia.com\/blog\/#\/schema\/person\/9f6cc0647f6cdd05692f0f851b1615d5\"},\"breadcrumb\":{\"@id\":\"https:\/\/www.ruralgia.com\/blog\/feria-de-artesania-y-fiesta-de-los-fueros-de-la-villa-de-sepulveda-2013\/#breadcrumb\"},\"inLanguage\":\"es\",\"potentialAction\":[{\"@type\":\"ReadAction\",\"target\":[\"https:\/\/www.ruralgia.com\/blog\/feria-de-artesania-y-fiesta-de-los-fueros-de-la-villa-de-sepulveda-2013\/\"]}]},{\"@type\":\"ImageObject\",\"inLanguage\":\"es\",\"@id\":\"https:\/\/www.ruralgia.com\/blog\/feria-de-artesania-y-fiesta-de-los-fueros-de-la-villa-de-sepulveda-2013\/#primaryimage\",\"url\":\"https:\/\/www.ruralgia.com\/blog\/wp-content\/uploads\/2013\/06\/article.gif\",\"contentUrl\":\"https:\/\/www.ruralgia.com\/blog\/wp-content\/uploads\/2013\/06\/article.gif\",\"width\":527,\"height\":746},{\"@type\":\"BreadcrumbList\",\"@id\":\"https:\/\/www.ruralgia.com\/blog\/feria-de-artesania-y-fiesta-de-los-fueros-de-la-villa-de-sepulveda-2013\/#breadcrumb\",\"itemListElement\":[{\"@type\":\"ListItem\",\"position\":1,\"name\":\"Portada\",\"item\":\"https:\/\/www.ruralgia.com\/blog\/\"},{\"@type\":\"ListItem\",\"position\":2,\"name\":\"Feria de Artesan\u00eda y Fiesta de los Fueros de la Villa de Sep\u00falveda 2013\"}]},{\"@type\":\"WebSite\",\"@id\":\"https:\/\/www.ruralgia.com\/blog\/#website\",\"url\":\"https:\/\/www.ruralgia.com\/blog\/\",\"name\":\"Ruralgia Blog\",\"description\":\"El blog de viajes y turismo de Ruralgia\",\"potentialAction\":[{\"@type\":\"SearchAction\",\"target\":{\"@type\":\"EntryPoint\",\"urlTemplate\":\"https:\/\/www.ruralgia.com\/blog\/?s={search_term_string}\"},\"query-input\":{\"@type\":\"PropertyValueSpecification\",\"valueRequired\":true,\"valueName\":\"search_term_string\"}}],\"inLanguage\":\"es\"},{\"@type\":\"Person\",\"@id\":\"https:\/\/www.ruralgia.com\/blog\/#\/schema\/person\/9f6cc0647f6cdd05692f0f851b1615d5\",\"name\":\"C\u00e9sar Pati\u00f1o Varela\",\"image\":{\"@type\":\"ImageObject\",\"inLanguage\":\"es\",\"@id\":\"https:\/\/www.ruralgia.com\/blog\/#\/schema\/person\/image\/\",\"url\":\"https:\/\/secure.gravatar.com\/avatar\/584231250159bd84a90a31c49e212ef3?s=96&d=mm&r=g\",\"contentUrl\":\"https:\/\/secure.gravatar.com\/avatar\/584231250159bd84a90a31c49e212ef3?s=96&d=mm&r=g\",\"caption\":\"C\u00e9sar Pati\u00f1o Varela\"},\"sameAs\":[\"http:\/\/www.cpatinov.com\"],\"url\":\"https:\/\/www.ruralgia.com\/blog\/author\/cesar\/\"}]}<\/script>\n<!-- \/ Yoast SEO plugin. -->","yoast_head_json":{"title":"Feria de Artesan\u00eda y Fiesta de los Fueros de la Villa de Sep\u00falveda 2013 - Ruralgia Blog","robots":{"index":"index","follow":"follow","max-snippet":"max-snippet:-1","max-image-preview":"max-image-preview:large","max-video-preview":"max-video-preview:-1"},"canonical":"https:\/\/www.ruralgia.com\/blog\/feria-de-artesania-y-fiesta-de-los-fueros-de-la-villa-de-sepulveda-2013\/","og_locale":"es_ES","og_type":"article","og_title":"Feria de Artesan\u00eda y Fiesta de los Fueros de la Villa de Sep\u00falveda 2013 - Ruralgia Blog","og_description":"El XXX Aniversario de la Feria de la Artesan\u00eda y la Fiesta de los Fueros marcan el mes de Julio en la Villa de Sep\u00falveda Fechas:\u00a0Tercer fin de semana de Julio. 20 y 21 de Julio Esta fiesta conmemora el &hellip; Sigue leyendo &rarr;","og_url":"https:\/\/www.ruralgia.com\/blog\/feria-de-artesania-y-fiesta-de-los-fueros-de-la-villa-de-sepulveda-2013\/","og_site_name":"Ruralgia Blog","article_published_time":"2013-06-28T15:59:32+00:00","article_modified_time":"2013-09-15T22:36:24+00:00","og_image":[{"width":527,"height":746,"url":"https:\/\/www.ruralgia.com\/blog\/wp-content\/uploads\/2013\/06\/article.gif","type":"image\/gif"}],"author":"C\u00e9sar Pati\u00f1o Varela","twitter_card":"summary_large_image","twitter_misc":{"Escrito por":"C\u00e9sar Pati\u00f1o Varela","Tiempo de lectura":"2 minutos"},"schema":{"@context":"https:\/\/schema.org","@graph":[{"@type":"WebPage","@id":"https:\/\/www.ruralgia.com\/blog\/feria-de-artesania-y-fiesta-de-los-fueros-de-la-villa-de-sepulveda-2013\/","url":"https:\/\/www.ruralgia.com\/blog\/feria-de-artesania-y-fiesta-de-los-fueros-de-la-villa-de-sepulveda-2013\/","name":"Feria de Artesan\u00eda y Fiesta de los Fueros de la Villa de Sep\u00falveda 2013 - Ruralgia Blog","isPartOf":{"@id":"https:\/\/www.ruralgia.com\/blog\/#website"},"primaryImageOfPage":{"@id":"https:\/\/www.ruralgia.com\/blog\/feria-de-artesania-y-fiesta-de-los-fueros-de-la-villa-de-sepulveda-2013\/#primaryimage"},"image":{"@id":"https:\/\/www.ruralgia.com\/blog\/feria-de-artesania-y-fiesta-de-los-fueros-de-la-villa-de-sepulveda-2013\/#primaryimage"},"thumbnailUrl":"https:\/\/www.ruralgia.com\/blog\/wp-content\/uploads\/2013\/06\/article.gif","datePublished":"2013-06-28T15:59:32+00:00","dateModified":"2013-09-15T22:36:24+00:00","author":{"@id":"https:\/\/www.ruralgia.com\/blog\/#\/schema\/person\/9f6cc0647f6cdd05692f0f851b1615d5"},"breadcrumb":{"@id":"https:\/\/www.ruralgia.com\/blog\/feria-de-artesania-y-fiesta-de-los-fueros-de-la-villa-de-sepulveda-2013\/#breadcrumb"},"inLanguage":"es","potentialAction":[{"@type":"ReadAction","target":["https:\/\/www.ruralgia.com\/blog\/feria-de-artesania-y-fiesta-de-los-fueros-de-la-villa-de-sepulveda-2013\/"]}]},{"@type":"ImageObject","inLanguage":"es","@id":"https:\/\/www.ruralgia.com\/blog\/feria-de-artesania-y-fiesta-de-los-fueros-de-la-villa-de-sepulveda-2013\/#primaryimage","url":"https:\/\/www.ruralgia.com\/blog\/wp-content\/uploads\/2013\/06\/article.gif","contentUrl":"https:\/\/www.ruralgia.com\/blog\/wp-content\/uploads\/2013\/06\/article.gif","width":527,"height":746},{"@type":"BreadcrumbList","@id":"https:\/\/www.ruralgia.com\/blog\/feria-de-artesania-y-fiesta-de-los-fueros-de-la-villa-de-sepulveda-2013\/#breadcrumb","itemListElement":[{"@type":"ListItem","position":1,"name":"Portada","item":"https:\/\/www.ruralgia.com\/blog\/"},{"@type":"ListItem","position":2,"name":"Feria de Artesan\u00eda y Fiesta de los Fueros de la Villa de Sep\u00falveda 2013"}]},{"@type":"WebSite","@id":"https:\/\/www.ruralgia.com\/blog\/#website","url":"https:\/\/www.ruralgia.com\/blog\/","name":"Ruralgia Blog","description":"El blog de viajes y turismo de Ruralgia","potentialAction":[{"@type":"SearchAction","target":{"@type":"EntryPoint","urlTemplate":"https:\/\/www.ruralgia.com\/blog\/?s={search_term_string}"},"query-input":{"@type":"PropertyValueSpecification","valueRequired":true,"valueName":"search_term_string"}}],"inLanguage":"es"},{"@type":"Person","@id":"https:\/\/www.ruralgia.com\/blog\/#\/schema\/person\/9f6cc0647f6cdd05692f0f851b1615d5","name":"C\u00e9sar Pati\u00f1o Varela","image":{"@type":"ImageObject","inLanguage":"es","@id":"https:\/\/www.ruralgia.com\/blog\/#\/schema\/person\/image\/","url":"https:\/\/secure.gravatar.com\/avatar\/584231250159bd84a90a31c49e212ef3?s=96&d=mm&r=g","contentUrl":"https:\/\/secure.gravatar.com\/avatar\/584231250159bd84a90a31c49e212ef3?s=96&d=mm&r=g","caption":"C\u00e9sar Pati\u00f1o Varela"},"sameAs":["http:\/\/www.cpatinov.com"],"url":"https:\/\/www.ruralgia.com\/blog\/author\/cesar\/"}]}},"amp_enabled":true,"_links":{"self":[{"href":"https:\/\/www.ruralgia.com\/blog\/wp-json\/wp\/v2\/posts\/944","targetHints":{"allow":["GET"]}}],"collection":[{"href":"https:\/\/www.ruralgia.com\/blog\/wp-json\/wp\/v2\/posts"}],"about":[{"href":"https:\/\/www.ruralgia.com\/blog\/wp-json\/wp\/v2\/types\/post"}],"author":[{"embeddable":true,"href":"https:\/\/www.ruralgia.com\/blog\/wp-json\/wp\/v2\/users\/4"}],"replies":[{"embeddable":true,"href":"https:\/\/www.ruralgia.com\/blog\/wp-json\/wp\/v2\/comments?post=944"}],"version-history":[{"count":10,"href":"https:\/\/www.ruralgia.com\/blog\/wp-json\/wp\/v2\/posts\/944\/revisions"}],"predecessor-version":[{"id":1180,"href":"https:\/\/www.ruralgia.com\/blog\/wp-json\/wp\/v2\/posts\/944\/revisions\/1180"}],"wp:featuredmedia":[{"embeddable":true,"href":"https:\/\/www.ruralgia.com\/blog\/wp-json\/wp\/v2\/media\/945"}],"wp:attachment":[{"href":"https:\/\/www.ruralgia.com\/blog\/wp-json\/wp\/v2\/media?parent=944"}],"wp:term":[{"taxonomy":"category","embeddable":true,"href":"https:\/\/www.ruralgia.com\/blog\/wp-json\/wp\/v2\/categories?post=944"},{"taxonomy":"post_tag","embeddable":true,"href":"https:\/\/www.ruralgia.com\/blog\/wp-json\/wp\/v2\/tags?post=944"}],"curies":[{"name":"wp","href":"https:\/\/api.w.org\/{rel}","templated":true}]}}