{"id":955,"date":"2013-07-02T09:31:53","date_gmt":"2013-07-02T09:31:53","guid":{"rendered":"https:\/\/www.ruralgia.com\/blog\/?p=955"},"modified":"2013-07-02T09:31:57","modified_gmt":"2013-07-02T09:31:57","slug":"festival-de-ortigueira-2013","status":"publish","type":"post","link":"https:\/\/www.ruralgia.com\/blog\/festival-de-ortigueira-2013\/","title":{"rendered":"Festival de Ortigueira 2013"},"content":{"rendered":"<p><a href=\"https:\/\/www.ruralgia.com\/blog\/festival-de-ortigueira-2013\/ortigueira2\/\" rel=\"attachment wp-att-956\"><img loading=\"lazy\" decoding=\"async\" class=\"size-medium wp-image-956 alignleft\" style=\"border: 2px solid black; margin: 5px;\" alt=\"ortigueira2\" src=\"https:\/\/www.ruralgia.com\/blog\/wp-content\/uploads\/2013\/06\/ortigueira2-300x112.jpg\" width=\"300\" height=\"112\" srcset=\"https:\/\/www.ruralgia.com\/blog\/wp-content\/uploads\/2013\/06\/ortigueira2-300x112.jpg 300w, https:\/\/www.ruralgia.com\/blog\/wp-content\/uploads\/2013\/06\/ortigueira2.jpg 747w\" sizes=\"auto, (max-width: 300px) 100vw, 300px\" \/><\/a>El <b>Festival Internacional del Mundo Celta de Ortigueira,<\/b> el m\u00e1s importante de Espa\u00f1a y uno de los principales de Europa se celebra este a\u00f1o los d\u00edas <strong>11, 12, 13 y 14 de Julio de 2013<\/strong>. Un referente mundial del folk, el Festival de Ortigueira se ha convertido por m\u00e9ritos propios en uno de los eventos musicales mas multitudinarios de toda Espa\u00f1a.<\/p>\n<p>Con 29 a\u00f1os de tradici\u00f3n, se celebra cada verano durante cuatro d\u00edas en la villa de Ortigueira, en la provincia de La Coru\u00f1a, Galicia.<\/p>\n<p>El <strong>escenario principal se sit\u00faa en el puerto<\/strong>, y ha acogido actuaciones de grupos de m\u00fasica celta de gran nivel y fama internacional.\u00a0 Asimismo en los alrededores del puerto se levanta un escenario m\u00e1s peque\u00f1o donde se dan cita grupos noveles. En la Playa de Morouzos y en la arboleda de pinos se habilitan espacios de acampada para la gente que acude al festival.<\/p>\n<p>Est\u00e1 considerado <strong>Fiesta de Inter\u00e9s Tur\u00edstico Internaciona<\/strong>l y es uno de los mayores festivales en cuanto a n\u00famero de asistentes de toda Europa, habiendo superado en ocasiones los 100.000 asistentes por edici\u00f3n.<\/p>\n<p><a href=\"http:\/\/www.festivaldeortigueira.com\/programacion_next.php?lg=cashttp:\/\/\" target=\"_blank\">Programaci\u00f3n<\/a><\/p>\n<p>&nbsp;<\/p>\n<p><a href=\"https:\/\/www.ruralgia.com\/blog\/festival-de-ortigueira-2013\/ortigueira1\/\" rel=\"attachment wp-att-957\"><img loading=\"lazy\" decoding=\"async\" class=\"size-medium wp-image-957 alignright\" style=\"border: 2px solid black; margin: 5px;\" alt=\"ortigueira1\" src=\"https:\/\/www.ruralgia.com\/blog\/wp-content\/uploads\/2013\/06\/ortigueira1-219x300.jpg\" width=\"219\" height=\"300\" srcset=\"https:\/\/www.ruralgia.com\/blog\/wp-content\/uploads\/2013\/06\/ortigueira1-219x300.jpg 219w, https:\/\/www.ruralgia.com\/blog\/wp-content\/uploads\/2013\/06\/ortigueira1.jpg 289w\" sizes=\"auto, (max-width: 219px) 100vw, 219px\" \/><\/a><\/p>\n<p><strong>Cita ineludible del verano y uno de el mundo sobre el folk<\/strong>, el Festival se ha convertido en Ortigueira por derecho propio en uno de los eventos musicales m\u00e1s concurridos de Espa\u00f1a. Su magnitud y excede lo puramente musical para establecerse como un espacio donde las personas se re\u00fanen de todas las tribus llegadas de las distintas partes de la geograf\u00eda.<\/p>\n<p>Poco m\u00e1s que el esp\u00edritu de la libertad y de la naturaleza del evento son gente de ese festival de arte que naci\u00f3 en 1978, fruto de los esfuerzos de la Escuela de Gaitas de Ortigueira, dirigida en ese momento por Xavier Garrote. Una idea visionaria que triunf\u00f3 con la ayuda de todo el pueblo y, a pesar del entorno desfavorable oficial, se hab\u00eda interrumpido durante cinco a\u00f1os.<\/p>\n<p>En 2000 se sentaron las bases de lo que hoy es una verdadera industria cultural, mientras que el Festival abri\u00f3 sus horizontes musicales con otros tipos de m\u00fasica que no tienen que ser estrictamente celtas.<\/p>\n<p><script type=\"text\/javascript\" src=\"https:\/\/www.ruralgia.com\/caja_cerca.php?metodo=municipio&amp;ancho=250&amp;elementos=4&amp;size=90&amp;estilo=start&amp;float=left&amp;kms=20&amp;aleatorio=false&amp;municipio=Ortigueira (A Coru\u00f1a)\"><\/script><\/p>\n<p>El esfuerzo en sus \u00faltimas ediciones pasa a reforzar el servicio de infraestructura de autob\u00fas gratuito, parking vigilado, duchas, aseos, puntos de informaci\u00f3n, para hacer m\u00e1s c\u00f3moda la estancia de los miles de visitantes ateigan la ciudad y la playa de Morouzos, y el cuidado de la mejor programaci\u00f3n musical de calidad. Las estrellas de la popular electo cajas Ortigueira para presentar su \u00faltimo trabajo-Estrella Galicia de establecimiento y de la competencia, as\u00ed como catapulta erigieron nuevas bandas-Stage-Runas.<\/p>\n<p>La fuerza del Festival, organizado por el Ayuntamiento de Ortigueira, que le gan\u00f3 la edici\u00f3n del 2003 del Ministerio de Econom\u00eda concedi\u00f3 el galard\u00f3n de <strong>Fiesta de Inter\u00e9s Tur\u00edstico Nacional<\/strong>. Sin embargo, los premios podr\u00edan ir m\u00e1s all\u00e1. En 2005 el concurso entr\u00f3 en el selecto grupo de eventos de Inter\u00e9s Tur\u00edstico Internacional. La idea central del Festival, alrededor de 100.000 asistentes en sus \u00faltimas ediciones, o su papel en la proyecci\u00f3n de Galicia y de Espa\u00f1a en el extranjero eran s\u00f3lo dos de los factores que le vali\u00f3 el reconocimiento. \u00bfQu\u00e9 m\u00e1s se puede pedir?<\/p>\n<p><a href=\"http:\/\/www.festivaldeortigueira.com\/festival\/historia.php?lg=gal\" target=\"_blank\">Fuente<\/a><\/p>\n<p>&nbsp;<\/p>\n<p>&nbsp;<\/p>\n<p>&nbsp;<\/p>\n<p>&nbsp;<\/p>\n","protected":false},"excerpt":{"rendered":"<p>El Festival Internacional del Mundo Celta de Ortigueira, el m\u00e1s importante de Espa\u00f1a y uno de los principales de Europa se celebra este a\u00f1o los d\u00edas 11, 12, 13 y 14 de Julio de 2013. Un referente mundial del folk, &hellip; <a href=\"https:\/\/www.ruralgia.com\/blog\/festival-de-ortigueira-2013\/\">Sigue leyendo <span class=\"meta-nav\">&rarr;<\/span><\/a><\/p>\n","protected":false},"author":1,"featured_media":957,"comment_status":"open","ping_status":"open","sticky":false,"template":"","format":"standard","meta":{"footnotes":""},"categories":[69,90,12,9],"tags":[158,161,156,31,157],"class_list":["post-955","post","type-post","status-publish","format-standard","has-post-thumbnail","hentry","category-eventos","category-fiestas-2","category-propuestas","category-viajeros","tag-cultura","tag-eventos","tag-festival","tag-galicia","tag-musica"],"yoast_head":"<!-- This site is optimized with the Yoast SEO plugin v24.1 - https:\/\/yoast.com\/wordpress\/plugins\/seo\/ -->\n<title>Festival de Ortigueira 2013 - Ruralgia Blog<\/title>\n<meta name=\"robots\" content=\"index, follow, max-snippet:-1, max-image-preview:large, max-video-preview:-1\" \/>\n<link rel=\"canonical\" href=\"https:\/\/www.ruralgia.com\/blog\/festival-de-ortigueira-2013\/\" \/>\n<meta property=\"og:locale\" content=\"es_ES\" \/>\n<meta property=\"og:type\" content=\"article\" \/>\n<meta property=\"og:title\" content=\"Festival de Ortigueira 2013 - Ruralgia Blog\" \/>\n<meta property=\"og:description\" content=\"El Festival Internacional del Mundo Celta de Ortigueira, el m\u00e1s importante de Espa\u00f1a y uno de los principales de Europa se celebra este a\u00f1o los d\u00edas 11, 12, 13 y 14 de Julio de 2013. Un referente mundial del folk, &hellip; Sigue leyendo &rarr;\" \/>\n<meta property=\"og:url\" content=\"https:\/\/www.ruralgia.com\/blog\/festival-de-ortigueira-2013\/\" \/>\n<meta property=\"og:site_name\" content=\"Ruralgia Blog\" \/>\n<meta property=\"article:published_time\" content=\"2013-07-02T09:31:53+00:00\" \/>\n<meta property=\"article:modified_time\" content=\"2013-07-02T09:31:57+00:00\" \/>\n<meta property=\"og:image\" content=\"https:\/\/www.ruralgia.com\/blog\/wp-content\/uploads\/2013\/06\/ortigueira1.jpg\" \/>\n\t<meta property=\"og:image:width\" content=\"289\" \/>\n\t<meta property=\"og:image:height\" content=\"395\" \/>\n\t<meta property=\"og:image:type\" content=\"image\/jpeg\" \/>\n<meta name=\"author\" content=\"admin\" \/>\n<meta name=\"twitter:card\" content=\"summary_large_image\" \/>\n<meta name=\"twitter:label1\" content=\"Escrito por\" \/>\n\t<meta name=\"twitter:data1\" content=\"admin\" \/>\n\t<meta name=\"twitter:label2\" content=\"Tiempo de lectura\" \/>\n\t<meta name=\"twitter:data2\" content=\"3 minutos\" \/>\n<script type=\"application\/ld+json\" class=\"yoast-schema-graph\">{\"@context\":\"https:\/\/schema.org\",\"@graph\":[{\"@type\":\"WebPage\",\"@id\":\"https:\/\/www.ruralgia.com\/blog\/festival-de-ortigueira-2013\/\",\"url\":\"https:\/\/www.ruralgia.com\/blog\/festival-de-ortigueira-2013\/\",\"name\":\"Festival de Ortigueira 2013 - Ruralgia Blog\",\"isPartOf\":{\"@id\":\"https:\/\/www.ruralgia.com\/blog\/#website\"},\"primaryImageOfPage\":{\"@id\":\"https:\/\/www.ruralgia.com\/blog\/festival-de-ortigueira-2013\/#primaryimage\"},\"image\":{\"@id\":\"https:\/\/www.ruralgia.com\/blog\/festival-de-ortigueira-2013\/#primaryimage\"},\"thumbnailUrl\":\"https:\/\/www.ruralgia.com\/blog\/wp-content\/uploads\/2013\/06\/ortigueira1.jpg\",\"datePublished\":\"2013-07-02T09:31:53+00:00\",\"dateModified\":\"2013-07-02T09:31:57+00:00\",\"author\":{\"@id\":\"https:\/\/www.ruralgia.com\/blog\/#\/schema\/person\/f9d61dcaa454dc132c65467750b88c01\"},\"breadcrumb\":{\"@id\":\"https:\/\/www.ruralgia.com\/blog\/festival-de-ortigueira-2013\/#breadcrumb\"},\"inLanguage\":\"es\",\"potentialAction\":[{\"@type\":\"ReadAction\",\"target\":[\"https:\/\/www.ruralgia.com\/blog\/festival-de-ortigueira-2013\/\"]}]},{\"@type\":\"ImageObject\",\"inLanguage\":\"es\",\"@id\":\"https:\/\/www.ruralgia.com\/blog\/festival-de-ortigueira-2013\/#primaryimage\",\"url\":\"https:\/\/www.ruralgia.com\/blog\/wp-content\/uploads\/2013\/06\/ortigueira1.jpg\",\"contentUrl\":\"https:\/\/www.ruralgia.com\/blog\/wp-content\/uploads\/2013\/06\/ortigueira1.jpg\",\"width\":289,\"height\":395},{\"@type\":\"BreadcrumbList\",\"@id\":\"https:\/\/www.ruralgia.com\/blog\/festival-de-ortigueira-2013\/#breadcrumb\",\"itemListElement\":[{\"@type\":\"ListItem\",\"position\":1,\"name\":\"Portada\",\"item\":\"https:\/\/www.ruralgia.com\/blog\/\"},{\"@type\":\"ListItem\",\"position\":2,\"name\":\"Festival de Ortigueira 2013\"}]},{\"@type\":\"WebSite\",\"@id\":\"https:\/\/www.ruralgia.com\/blog\/#website\",\"url\":\"https:\/\/www.ruralgia.com\/blog\/\",\"name\":\"Ruralgia Blog\",\"description\":\"El blog de viajes y turismo de Ruralgia\",\"potentialAction\":[{\"@type\":\"SearchAction\",\"target\":{\"@type\":\"EntryPoint\",\"urlTemplate\":\"https:\/\/www.ruralgia.com\/blog\/?s={search_term_string}\"},\"query-input\":{\"@type\":\"PropertyValueSpecification\",\"valueRequired\":true,\"valueName\":\"search_term_string\"}}],\"inLanguage\":\"es\"},{\"@type\":\"Person\",\"@id\":\"https:\/\/www.ruralgia.com\/blog\/#\/schema\/person\/f9d61dcaa454dc132c65467750b88c01\",\"name\":\"admin\",\"image\":{\"@type\":\"ImageObject\",\"inLanguage\":\"es\",\"@id\":\"https:\/\/www.ruralgia.com\/blog\/#\/schema\/person\/image\/\",\"url\":\"https:\/\/secure.gravatar.com\/avatar\/308988d44afa417cbdf20b1a60ad4489?s=96&d=mm&r=g\",\"contentUrl\":\"https:\/\/secure.gravatar.com\/avatar\/308988d44afa417cbdf20b1a60ad4489?s=96&d=mm&r=g\",\"caption\":\"admin\"},\"url\":\"https:\/\/www.ruralgia.com\/blog\/author\/admin\/\"}]}<\/script>\n<!-- \/ Yoast SEO plugin. -->","yoast_head_json":{"title":"Festival de Ortigueira 2013 - Ruralgia Blog","robots":{"index":"index","follow":"follow","max-snippet":"max-snippet:-1","max-image-preview":"max-image-preview:large","max-video-preview":"max-video-preview:-1"},"canonical":"https:\/\/www.ruralgia.com\/blog\/festival-de-ortigueira-2013\/","og_locale":"es_ES","og_type":"article","og_title":"Festival de Ortigueira 2013 - Ruralgia Blog","og_description":"El Festival Internacional del Mundo Celta de Ortigueira, el m\u00e1s importante de Espa\u00f1a y uno de los principales de Europa se celebra este a\u00f1o los d\u00edas 11, 12, 13 y 14 de Julio de 2013. Un referente mundial del folk, &hellip; Sigue leyendo &rarr;","og_url":"https:\/\/www.ruralgia.com\/blog\/festival-de-ortigueira-2013\/","og_site_name":"Ruralgia Blog","article_published_time":"2013-07-02T09:31:53+00:00","article_modified_time":"2013-07-02T09:31:57+00:00","og_image":[{"width":289,"height":395,"url":"https:\/\/www.ruralgia.com\/blog\/wp-content\/uploads\/2013\/06\/ortigueira1.jpg","type":"image\/jpeg"}],"author":"admin","twitter_card":"summary_large_image","twitter_misc":{"Escrito por":"admin","Tiempo de lectura":"3 minutos"},"schema":{"@context":"https:\/\/schema.org","@graph":[{"@type":"WebPage","@id":"https:\/\/www.ruralgia.com\/blog\/festival-de-ortigueira-2013\/","url":"https:\/\/www.ruralgia.com\/blog\/festival-de-ortigueira-2013\/","name":"Festival de Ortigueira 2013 - Ruralgia Blog","isPartOf":{"@id":"https:\/\/www.ruralgia.com\/blog\/#website"},"primaryImageOfPage":{"@id":"https:\/\/www.ruralgia.com\/blog\/festival-de-ortigueira-2013\/#primaryimage"},"image":{"@id":"https:\/\/www.ruralgia.com\/blog\/festival-de-ortigueira-2013\/#primaryimage"},"thumbnailUrl":"https:\/\/www.ruralgia.com\/blog\/wp-content\/uploads\/2013\/06\/ortigueira1.jpg","datePublished":"2013-07-02T09:31:53+00:00","dateModified":"2013-07-02T09:31:57+00:00","author":{"@id":"https:\/\/www.ruralgia.com\/blog\/#\/schema\/person\/f9d61dcaa454dc132c65467750b88c01"},"breadcrumb":{"@id":"https:\/\/www.ruralgia.com\/blog\/festival-de-ortigueira-2013\/#breadcrumb"},"inLanguage":"es","potentialAction":[{"@type":"ReadAction","target":["https:\/\/www.ruralgia.com\/blog\/festival-de-ortigueira-2013\/"]}]},{"@type":"ImageObject","inLanguage":"es","@id":"https:\/\/www.ruralgia.com\/blog\/festival-de-ortigueira-2013\/#primaryimage","url":"https:\/\/www.ruralgia.com\/blog\/wp-content\/uploads\/2013\/06\/ortigueira1.jpg","contentUrl":"https:\/\/www.ruralgia.com\/blog\/wp-content\/uploads\/2013\/06\/ortigueira1.jpg","width":289,"height":395},{"@type":"BreadcrumbList","@id":"https:\/\/www.ruralgia.com\/blog\/festival-de-ortigueira-2013\/#breadcrumb","itemListElement":[{"@type":"ListItem","position":1,"name":"Portada","item":"https:\/\/www.ruralgia.com\/blog\/"},{"@type":"ListItem","position":2,"name":"Festival de Ortigueira 2013"}]},{"@type":"WebSite","@id":"https:\/\/www.ruralgia.com\/blog\/#website","url":"https:\/\/www.ruralgia.com\/blog\/","name":"Ruralgia Blog","description":"El blog de viajes y turismo de Ruralgia","potentialAction":[{"@type":"SearchAction","target":{"@type":"EntryPoint","urlTemplate":"https:\/\/www.ruralgia.com\/blog\/?s={search_term_string}"},"query-input":{"@type":"PropertyValueSpecification","valueRequired":true,"valueName":"search_term_string"}}],"inLanguage":"es"},{"@type":"Person","@id":"https:\/\/www.ruralgia.com\/blog\/#\/schema\/person\/f9d61dcaa454dc132c65467750b88c01","name":"admin","image":{"@type":"ImageObject","inLanguage":"es","@id":"https:\/\/www.ruralgia.com\/blog\/#\/schema\/person\/image\/","url":"https:\/\/secure.gravatar.com\/avatar\/308988d44afa417cbdf20b1a60ad4489?s=96&d=mm&r=g","contentUrl":"https:\/\/secure.gravatar.com\/avatar\/308988d44afa417cbdf20b1a60ad4489?s=96&d=mm&r=g","caption":"admin"},"url":"https:\/\/www.ruralgia.com\/blog\/author\/admin\/"}]}},"amp_enabled":true,"_links":{"self":[{"href":"https:\/\/www.ruralgia.com\/blog\/wp-json\/wp\/v2\/posts\/955","targetHints":{"allow":["GET"]}}],"collection":[{"href":"https:\/\/www.ruralgia.com\/blog\/wp-json\/wp\/v2\/posts"}],"about":[{"href":"https:\/\/www.ruralgia.com\/blog\/wp-json\/wp\/v2\/types\/post"}],"author":[{"embeddable":true,"href":"https:\/\/www.ruralgia.com\/blog\/wp-json\/wp\/v2\/users\/1"}],"replies":[{"embeddable":true,"href":"https:\/\/www.ruralgia.com\/blog\/wp-json\/wp\/v2\/comments?post=955"}],"version-history":[{"count":18,"href":"https:\/\/www.ruralgia.com\/blog\/wp-json\/wp\/v2\/posts\/955\/revisions"}],"predecessor-version":[{"id":977,"href":"https:\/\/www.ruralgia.com\/blog\/wp-json\/wp\/v2\/posts\/955\/revisions\/977"}],"wp:featuredmedia":[{"embeddable":true,"href":"https:\/\/www.ruralgia.com\/blog\/wp-json\/wp\/v2\/media\/957"}],"wp:attachment":[{"href":"https:\/\/www.ruralgia.com\/blog\/wp-json\/wp\/v2\/media?parent=955"}],"wp:term":[{"taxonomy":"category","embeddable":true,"href":"https:\/\/www.ruralgia.com\/blog\/wp-json\/wp\/v2\/categories?post=955"},{"taxonomy":"post_tag","embeddable":true,"href":"https:\/\/www.ruralgia.com\/blog\/wp-json\/wp\/v2\/tags?post=955"}],"curies":[{"name":"wp","href":"https:\/\/api.w.org\/{rel}","templated":true}]}}