{"id":979,"date":"2013-07-14T09:45:35","date_gmt":"2013-07-14T09:45:35","guid":{"rendered":"https:\/\/www.ruralgia.com\/blog\/?p=979"},"modified":"2013-07-14T09:45:37","modified_gmt":"2013-07-14T09:45:37","slug":"fiesta-de-moros-y-cristianos-en-villajoyosa-2013","status":"publish","type":"post","link":"https:\/\/www.ruralgia.com\/blog\/fiesta-de-moros-y-cristianos-en-villajoyosa-2013\/","title":{"rendered":"Fiesta de Moros y Cristianos en Villajoyosa 2013"},"content":{"rendered":"<p><strong>Del 24 al 31 de Julio en Villajoyosa<\/strong> (Alicante), se celebra la fiesta <strong>de Moros y Cristianos<\/strong>. Fiesta declarada de <strong>Inter\u00e9s T\u00faristico Internacional.<\/strong><\/p>\n<p><a href=\"https:\/\/www.ruralgia.com\/blog\/fiesta-de-moros-y-cristianos-en-villajoyosa-2013\/moros-y-cristianos-2013\/\" rel=\"attachment wp-att-980\"><img loading=\"lazy\" decoding=\"async\" class=\"size-medium wp-image-980 alignleft\" style=\"border: 2px solid black; margin: 5px;\" alt=\"moros y cristianos 2013\" src=\"https:\/\/www.ruralgia.com\/blog\/wp-content\/uploads\/2013\/07\/moros-y-cristianos-2013-214x300.jpg\" width=\"214\" height=\"300\" srcset=\"https:\/\/www.ruralgia.com\/blog\/wp-content\/uploads\/2013\/07\/moros-y-cristianos-2013-214x300.jpg 214w, https:\/\/www.ruralgia.com\/blog\/wp-content\/uploads\/2013\/07\/moros-y-cristianos-2013-731x1024.jpg 731w, https:\/\/www.ruralgia.com\/blog\/wp-content\/uploads\/2013\/07\/moros-y-cristianos-2013.jpg 1024w\" sizes=\"auto, (max-width: 214px) 100vw, 214px\" \/><\/a><\/p>\n<p><strong>El Desembarco<\/strong> como gran atractivo de la fiesta, rememora un importante ataque acaecido en el a\u00f1o 1538, en las costas de La Vila Joiosa por los piratas berberiscos, supuestamente al mando de\u00a0<strong>Zall\u00e9 Arraez<\/strong>, que fue repelido por los habitantes de la villa.<\/p>\n<p>La recreaci\u00f3n hist\u00f3rica de este hecho cuenta con personajes principales que realizan una temprana escenificaci\u00f3n en la arena, junto a las aguas placidas de este litoral, en el que discurren dialogos a pie y a caballo desde el castillo de cart\u00f3n piedra.<\/p>\n<p>La fiesta comienza el 24 de Julio con la \u201cEntrada de Bandas\u201d y contin\u00faa en los d\u00edas siguientes con el desfile por las calles de Villajoyosa de los bandos moros y cristianos al son de la m\u00fasica.<\/p>\n<p>Desde primeras horas de la madrugada del 28 de Julio se celebra el Desembarco, un <strong>gran espect\u00e1culo iluminado por los primeros rayos del sol, pirotecnia y tiroteos<\/strong>. El ej\u00e9rcito moro se adentra en el puerto de Villajoyosa, mientras el ej\u00e9rcito le espera a pie de playa. En la mar m\u00e1s de 30 barcos se preparan para el desembarco y la batalla en la orilla.<script type=\"text\/javascript\" src=\"https:\/\/www.ruralgia.com\/caja_cerca.php?metodo=municipio&amp;ancho=250&amp;elementos=4&amp;size=90&amp;estilo=cupertino&amp;float=right&amp;kms=20&amp;aleatorio=true&amp;municipio=Villajoyosa\/Vila Joiosa, la (Alicante)\"><\/script>En la playa se sucede la batalla con luces, sonido de tambores y simulacros de bombardeos. Los musulmanes toman el Castillo, y las tropas de los cristianos reconquistan fortaleza. Todo acaba con la derrota de los moros, que simb\u00f3licamente son devueltos al mar.<\/p>\n<p><a href=\"http:\/\/www.cuandopasa.com\/index.php?v=v51168d\" target=\"_blank\">Fuente<\/a><\/p>\n<p>&nbsp;<\/p>\n<div id=\"codigo_generado\"><\/div>\n<p>El 29 de Julio se celebra la misa en honor a Santa Marta y posterior procesi\u00f3n recorriendo las calles del casco antiguo, ofrecioendo a la santa al p\u00fablico all\u00ed congregado.<\/p>\n<p>Estas fiestas, en honor a Santa Marta, se celebran en Villajoyosa desde hace m\u00e1s de 250 a\u00f1os.<\/p>\n<p><b><\/p>\n<p><\/b><\/p>\n","protected":false},"excerpt":{"rendered":"<p>Del 24 al 31 de Julio en Villajoyosa (Alicante), se celebra la fiesta de Moros y Cristianos. Fiesta declarada de Inter\u00e9s T\u00faristico Internacional. El Desembarco como gran atractivo de la fiesta, rememora un importante ataque acaecido en el a\u00f1o 1538, &hellip; <a href=\"https:\/\/www.ruralgia.com\/blog\/fiesta-de-moros-y-cristianos-en-villajoyosa-2013\/\">Sigue leyendo <span class=\"meta-nav\">&rarr;<\/span><\/a><\/p>\n","protected":false},"author":1,"featured_media":980,"comment_status":"open","ping_status":"open","sticky":false,"template":"","format":"standard","meta":{"footnotes":""},"categories":[69,90,12],"tags":[158,44,22,71],"class_list":["post-979","post","type-post","status-publish","format-standard","has-post-thumbnail","hentry","category-eventos","category-fiestas-2","category-propuestas","tag-cultura","tag-evento-historico","tag-fiestas","tag-turismo-rural"],"yoast_head":"<!-- This site is optimized with the Yoast SEO plugin v24.1 - https:\/\/yoast.com\/wordpress\/plugins\/seo\/ -->\n<title>Fiesta de Moros y Cristianos en Villajoyosa 2013 - Ruralgia Blog<\/title>\n<meta name=\"robots\" content=\"index, follow, max-snippet:-1, max-image-preview:large, max-video-preview:-1\" \/>\n<link rel=\"canonical\" href=\"https:\/\/www.ruralgia.com\/blog\/fiesta-de-moros-y-cristianos-en-villajoyosa-2013\/\" \/>\n<meta property=\"og:locale\" content=\"es_ES\" \/>\n<meta property=\"og:type\" content=\"article\" \/>\n<meta property=\"og:title\" content=\"Fiesta de Moros y Cristianos en Villajoyosa 2013 - Ruralgia Blog\" \/>\n<meta property=\"og:description\" content=\"Del 24 al 31 de Julio en Villajoyosa (Alicante), se celebra la fiesta de Moros y Cristianos. Fiesta declarada de Inter\u00e9s T\u00faristico Internacional. El Desembarco como gran atractivo de la fiesta, rememora un importante ataque acaecido en el a\u00f1o 1538, &hellip; Sigue leyendo &rarr;\" \/>\n<meta property=\"og:url\" content=\"https:\/\/www.ruralgia.com\/blog\/fiesta-de-moros-y-cristianos-en-villajoyosa-2013\/\" \/>\n<meta property=\"og:site_name\" content=\"Ruralgia Blog\" \/>\n<meta property=\"article:published_time\" content=\"2013-07-14T09:45:35+00:00\" \/>\n<meta property=\"article:modified_time\" content=\"2013-07-14T09:45:37+00:00\" \/>\n<meta property=\"og:image\" content=\"https:\/\/www.ruralgia.com\/blog\/wp-content\/uploads\/2013\/07\/moros-y-cristianos-2013.jpg\" \/>\n\t<meta property=\"og:image:width\" content=\"1024\" \/>\n\t<meta property=\"og:image:height\" content=\"1434\" \/>\n\t<meta property=\"og:image:type\" content=\"image\/jpeg\" \/>\n<meta name=\"author\" content=\"admin\" \/>\n<meta name=\"twitter:card\" content=\"summary_large_image\" \/>\n<meta name=\"twitter:label1\" content=\"Escrito por\" \/>\n\t<meta name=\"twitter:data1\" content=\"admin\" \/>\n\t<meta name=\"twitter:label2\" content=\"Tiempo de lectura\" \/>\n\t<meta name=\"twitter:data2\" content=\"2 minutos\" \/>\n<script type=\"application\/ld+json\" class=\"yoast-schema-graph\">{\"@context\":\"https:\/\/schema.org\",\"@graph\":[{\"@type\":\"WebPage\",\"@id\":\"https:\/\/www.ruralgia.com\/blog\/fiesta-de-moros-y-cristianos-en-villajoyosa-2013\/\",\"url\":\"https:\/\/www.ruralgia.com\/blog\/fiesta-de-moros-y-cristianos-en-villajoyosa-2013\/\",\"name\":\"Fiesta de Moros y Cristianos en Villajoyosa 2013 - Ruralgia Blog\",\"isPartOf\":{\"@id\":\"https:\/\/www.ruralgia.com\/blog\/#website\"},\"primaryImageOfPage\":{\"@id\":\"https:\/\/www.ruralgia.com\/blog\/fiesta-de-moros-y-cristianos-en-villajoyosa-2013\/#primaryimage\"},\"image\":{\"@id\":\"https:\/\/www.ruralgia.com\/blog\/fiesta-de-moros-y-cristianos-en-villajoyosa-2013\/#primaryimage\"},\"thumbnailUrl\":\"https:\/\/www.ruralgia.com\/blog\/wp-content\/uploads\/2013\/07\/moros-y-cristianos-2013.jpg\",\"datePublished\":\"2013-07-14T09:45:35+00:00\",\"dateModified\":\"2013-07-14T09:45:37+00:00\",\"author\":{\"@id\":\"https:\/\/www.ruralgia.com\/blog\/#\/schema\/person\/f9d61dcaa454dc132c65467750b88c01\"},\"breadcrumb\":{\"@id\":\"https:\/\/www.ruralgia.com\/blog\/fiesta-de-moros-y-cristianos-en-villajoyosa-2013\/#breadcrumb\"},\"inLanguage\":\"es\",\"potentialAction\":[{\"@type\":\"ReadAction\",\"target\":[\"https:\/\/www.ruralgia.com\/blog\/fiesta-de-moros-y-cristianos-en-villajoyosa-2013\/\"]}]},{\"@type\":\"ImageObject\",\"inLanguage\":\"es\",\"@id\":\"https:\/\/www.ruralgia.com\/blog\/fiesta-de-moros-y-cristianos-en-villajoyosa-2013\/#primaryimage\",\"url\":\"https:\/\/www.ruralgia.com\/blog\/wp-content\/uploads\/2013\/07\/moros-y-cristianos-2013.jpg\",\"contentUrl\":\"https:\/\/www.ruralgia.com\/blog\/wp-content\/uploads\/2013\/07\/moros-y-cristianos-2013.jpg\",\"width\":1024,\"height\":1434},{\"@type\":\"BreadcrumbList\",\"@id\":\"https:\/\/www.ruralgia.com\/blog\/fiesta-de-moros-y-cristianos-en-villajoyosa-2013\/#breadcrumb\",\"itemListElement\":[{\"@type\":\"ListItem\",\"position\":1,\"name\":\"Portada\",\"item\":\"https:\/\/www.ruralgia.com\/blog\/\"},{\"@type\":\"ListItem\",\"position\":2,\"name\":\"Fiesta de Moros y Cristianos en Villajoyosa 2013\"}]},{\"@type\":\"WebSite\",\"@id\":\"https:\/\/www.ruralgia.com\/blog\/#website\",\"url\":\"https:\/\/www.ruralgia.com\/blog\/\",\"name\":\"Ruralgia Blog\",\"description\":\"El blog de viajes y turismo de Ruralgia\",\"potentialAction\":[{\"@type\":\"SearchAction\",\"target\":{\"@type\":\"EntryPoint\",\"urlTemplate\":\"https:\/\/www.ruralgia.com\/blog\/?s={search_term_string}\"},\"query-input\":{\"@type\":\"PropertyValueSpecification\",\"valueRequired\":true,\"valueName\":\"search_term_string\"}}],\"inLanguage\":\"es\"},{\"@type\":\"Person\",\"@id\":\"https:\/\/www.ruralgia.com\/blog\/#\/schema\/person\/f9d61dcaa454dc132c65467750b88c01\",\"name\":\"admin\",\"image\":{\"@type\":\"ImageObject\",\"inLanguage\":\"es\",\"@id\":\"https:\/\/www.ruralgia.com\/blog\/#\/schema\/person\/image\/\",\"url\":\"https:\/\/secure.gravatar.com\/avatar\/308988d44afa417cbdf20b1a60ad4489?s=96&d=mm&r=g\",\"contentUrl\":\"https:\/\/secure.gravatar.com\/avatar\/308988d44afa417cbdf20b1a60ad4489?s=96&d=mm&r=g\",\"caption\":\"admin\"},\"url\":\"https:\/\/www.ruralgia.com\/blog\/author\/admin\/\"}]}<\/script>\n<!-- \/ Yoast SEO plugin. -->","yoast_head_json":{"title":"Fiesta de Moros y Cristianos en Villajoyosa 2013 - Ruralgia Blog","robots":{"index":"index","follow":"follow","max-snippet":"max-snippet:-1","max-image-preview":"max-image-preview:large","max-video-preview":"max-video-preview:-1"},"canonical":"https:\/\/www.ruralgia.com\/blog\/fiesta-de-moros-y-cristianos-en-villajoyosa-2013\/","og_locale":"es_ES","og_type":"article","og_title":"Fiesta de Moros y Cristianos en Villajoyosa 2013 - Ruralgia Blog","og_description":"Del 24 al 31 de Julio en Villajoyosa (Alicante), se celebra la fiesta de Moros y Cristianos. Fiesta declarada de Inter\u00e9s T\u00faristico Internacional. El Desembarco como gran atractivo de la fiesta, rememora un importante ataque acaecido en el a\u00f1o 1538, &hellip; Sigue leyendo &rarr;","og_url":"https:\/\/www.ruralgia.com\/blog\/fiesta-de-moros-y-cristianos-en-villajoyosa-2013\/","og_site_name":"Ruralgia Blog","article_published_time":"2013-07-14T09:45:35+00:00","article_modified_time":"2013-07-14T09:45:37+00:00","og_image":[{"width":1024,"height":1434,"url":"https:\/\/www.ruralgia.com\/blog\/wp-content\/uploads\/2013\/07\/moros-y-cristianos-2013.jpg","type":"image\/jpeg"}],"author":"admin","twitter_card":"summary_large_image","twitter_misc":{"Escrito por":"admin","Tiempo de lectura":"2 minutos"},"schema":{"@context":"https:\/\/schema.org","@graph":[{"@type":"WebPage","@id":"https:\/\/www.ruralgia.com\/blog\/fiesta-de-moros-y-cristianos-en-villajoyosa-2013\/","url":"https:\/\/www.ruralgia.com\/blog\/fiesta-de-moros-y-cristianos-en-villajoyosa-2013\/","name":"Fiesta de Moros y Cristianos en Villajoyosa 2013 - Ruralgia Blog","isPartOf":{"@id":"https:\/\/www.ruralgia.com\/blog\/#website"},"primaryImageOfPage":{"@id":"https:\/\/www.ruralgia.com\/blog\/fiesta-de-moros-y-cristianos-en-villajoyosa-2013\/#primaryimage"},"image":{"@id":"https:\/\/www.ruralgia.com\/blog\/fiesta-de-moros-y-cristianos-en-villajoyosa-2013\/#primaryimage"},"thumbnailUrl":"https:\/\/www.ruralgia.com\/blog\/wp-content\/uploads\/2013\/07\/moros-y-cristianos-2013.jpg","datePublished":"2013-07-14T09:45:35+00:00","dateModified":"2013-07-14T09:45:37+00:00","author":{"@id":"https:\/\/www.ruralgia.com\/blog\/#\/schema\/person\/f9d61dcaa454dc132c65467750b88c01"},"breadcrumb":{"@id":"https:\/\/www.ruralgia.com\/blog\/fiesta-de-moros-y-cristianos-en-villajoyosa-2013\/#breadcrumb"},"inLanguage":"es","potentialAction":[{"@type":"ReadAction","target":["https:\/\/www.ruralgia.com\/blog\/fiesta-de-moros-y-cristianos-en-villajoyosa-2013\/"]}]},{"@type":"ImageObject","inLanguage":"es","@id":"https:\/\/www.ruralgia.com\/blog\/fiesta-de-moros-y-cristianos-en-villajoyosa-2013\/#primaryimage","url":"https:\/\/www.ruralgia.com\/blog\/wp-content\/uploads\/2013\/07\/moros-y-cristianos-2013.jpg","contentUrl":"https:\/\/www.ruralgia.com\/blog\/wp-content\/uploads\/2013\/07\/moros-y-cristianos-2013.jpg","width":1024,"height":1434},{"@type":"BreadcrumbList","@id":"https:\/\/www.ruralgia.com\/blog\/fiesta-de-moros-y-cristianos-en-villajoyosa-2013\/#breadcrumb","itemListElement":[{"@type":"ListItem","position":1,"name":"Portada","item":"https:\/\/www.ruralgia.com\/blog\/"},{"@type":"ListItem","position":2,"name":"Fiesta de Moros y Cristianos en Villajoyosa 2013"}]},{"@type":"WebSite","@id":"https:\/\/www.ruralgia.com\/blog\/#website","url":"https:\/\/www.ruralgia.com\/blog\/","name":"Ruralgia Blog","description":"El blog de viajes y turismo de Ruralgia","potentialAction":[{"@type":"SearchAction","target":{"@type":"EntryPoint","urlTemplate":"https:\/\/www.ruralgia.com\/blog\/?s={search_term_string}"},"query-input":{"@type":"PropertyValueSpecification","valueRequired":true,"valueName":"search_term_string"}}],"inLanguage":"es"},{"@type":"Person","@id":"https:\/\/www.ruralgia.com\/blog\/#\/schema\/person\/f9d61dcaa454dc132c65467750b88c01","name":"admin","image":{"@type":"ImageObject","inLanguage":"es","@id":"https:\/\/www.ruralgia.com\/blog\/#\/schema\/person\/image\/","url":"https:\/\/secure.gravatar.com\/avatar\/308988d44afa417cbdf20b1a60ad4489?s=96&d=mm&r=g","contentUrl":"https:\/\/secure.gravatar.com\/avatar\/308988d44afa417cbdf20b1a60ad4489?s=96&d=mm&r=g","caption":"admin"},"url":"https:\/\/www.ruralgia.com\/blog\/author\/admin\/"}]}},"amp_enabled":true,"_links":{"self":[{"href":"https:\/\/www.ruralgia.com\/blog\/wp-json\/wp\/v2\/posts\/979","targetHints":{"allow":["GET"]}}],"collection":[{"href":"https:\/\/www.ruralgia.com\/blog\/wp-json\/wp\/v2\/posts"}],"about":[{"href":"https:\/\/www.ruralgia.com\/blog\/wp-json\/wp\/v2\/types\/post"}],"author":[{"embeddable":true,"href":"https:\/\/www.ruralgia.com\/blog\/wp-json\/wp\/v2\/users\/1"}],"replies":[{"embeddable":true,"href":"https:\/\/www.ruralgia.com\/blog\/wp-json\/wp\/v2\/comments?post=979"}],"version-history":[{"count":17,"href":"https:\/\/www.ruralgia.com\/blog\/wp-json\/wp\/v2\/posts\/979\/revisions"}],"predecessor-version":[{"id":998,"href":"https:\/\/www.ruralgia.com\/blog\/wp-json\/wp\/v2\/posts\/979\/revisions\/998"}],"wp:featuredmedia":[{"embeddable":true,"href":"https:\/\/www.ruralgia.com\/blog\/wp-json\/wp\/v2\/media\/980"}],"wp:attachment":[{"href":"https:\/\/www.ruralgia.com\/blog\/wp-json\/wp\/v2\/media?parent=979"}],"wp:term":[{"taxonomy":"category","embeddable":true,"href":"https:\/\/www.ruralgia.com\/blog\/wp-json\/wp\/v2\/categories?post=979"},{"taxonomy":"post_tag","embeddable":true,"href":"https:\/\/www.ruralgia.com\/blog\/wp-json\/wp\/v2\/tags?post=979"}],"curies":[{"name":"wp","href":"https:\/\/api.w.org\/{rel}","templated":true}]}}